{"id":74,"date":"2024-10-04T11:30:12","date_gmt":"2024-10-04T11:30:12","guid":{"rendered":"https:\/\/qiq.mjf.mybluehost.me\/?p=74"},"modified":"2025-12-05T22:02:48","modified_gmt":"2025-12-05T22:02:48","slug":"ai-art-and-common-sense-hito-steyerl-in-conversation-with-gerald-raunig","status":"publish","type":"post","link":"https:\/\/digitalculturesandarts.ch\/de\/ai-art-and-common-sense-hito-steyerl-in-conversation-with-gerald-raunig\/","title":{"rendered":"Hito Steyerl: \u00abAI, Art and Common Sense\u00bb"},"content":{"rendered":"<p class=\"\">KI scheitert manchmal an scheinbar einfachen Aufgaben, die nur mit gesundem Menschenverstand zu l\u00f6sen sind. Die Automatisierung des gesunden Menschenverstandes, eines amorphen, intuitiven Denkens, erweist sich jedoch als so schwierig, dass er als die \u00abdunkle Materie der KI\u00bb bezeichnet wurde. In diesem Vortrag wird sich Hito Steyerl auf die Beziehung zwischen KI, Kunst und gesundem Menschenverstand konzentrieren.&nbsp;<\/p>\n\n\n\n<p class=\"\">Prof. Dr. Hito Steyerl (*1966 in Munich) ist eine K\u00fcnstlerin, Filmemacherin und Autorin. Sie leitet die Klasse \u00ab<a href=\"https:\/\/generativemedia.net\/\" target=\"_blank\" rel=\"noreferrer noopener\">Current Digital Media<\/a>\u00bb an der Akademie der Bildenden K\u00fcnste M\u00fcnchen.<\/p>\n\n\n\n<p class=\"\">Die Veranstaltung ist eine Kooperation zwischen dem Departement Bildende Kunst der ZHdK, dem Zentrum K\u00fcnste und Kulturtheorie (ZKK) und der Br\u00fcckenprofessur Digitale Kulturen und K\u00fcnste.<\/p>","protected":false},"excerpt":{"rendered":"<p>AI sometimes fails at seemingly simple tasks that require little more than common sense to solve. Yet, automating common sense, an amorphous body of intuitive reasoning, turns out to be extremely difficult, that it has been called the \u00abdark matter of AI\u00bb. In this talk, Hito Steyerl will focus on the relationship between AI, Art [&hellip;]<\/p>\n","protected":false},"author":1,"featured_media":6515,"comment_status":"open","ping_status":"open","sticky":false,"template":"","format":"standard","meta":{"nf_dc_page":"","_coblocks_attr":"","_coblocks_dimensions":"","_coblocks_responsive_height":"","_coblocks_accordion_ie_support":"","_FSMCFIC_featured_image_caption":"\u00a9 Dominik Butzmann \/ re:publica","_FSMCFIC_featured_image_nocaption":"","_FSMCFIC_featured_image_hide":"","footnotes":""},"categories":[15],"tags":[],"class_list":["post-74","post","type-post","status-publish","format-standard","has-post-thumbnail","hentry","category-event"],"mb":[],"yoast_head":"<!-- This site is optimized with the Yoast SEO plugin v27.4 - https:\/\/yoast.com\/product\/yoast-seo-wordpress\/ -->\n<title>Hito Steyerl: \u00abAI, Art and Common Sense\u00bb - digital cultures and arts<\/title>\n<meta name=\"robots\" content=\"index, follow, max-snippet:-1, max-image-preview:large, max-video-preview:-1\" \/>\n<link rel=\"canonical\" href=\"https:\/\/digitalculturesandarts.ch\/de\/ai-art-and-common-sense-hito-steyerl-in-conversation-with-gerald-raunig\/\" \/>\n<meta property=\"og:locale\" content=\"de_DE\" \/>\n<meta property=\"og:type\" content=\"article\" \/>\n<meta property=\"og:title\" content=\"Hito Steyerl: \u00abAI, Art and Common Sense\u00bb - digital cultures and arts\" \/>\n<meta property=\"og:description\" content=\"AI sometimes fails at seemingly simple tasks that require little more than common sense to solve. Yet, automating common sense, an amorphous body of intuitive reasoning, turns out to be extremely difficult, that it has been called the \u00abdark matter of AI\u00bb. In this talk, Hito Steyerl will focus on the relationship between AI, Art [&hellip;]\" \/>\n<meta property=\"og:url\" content=\"https:\/\/digitalculturesandarts.ch\/de\/ai-art-and-common-sense-hito-steyerl-in-conversation-with-gerald-raunig\/\" \/>\n<meta property=\"og:site_name\" content=\"digital cultures and arts\" \/>\n<meta property=\"article:published_time\" content=\"2024-10-04T11:30:12+00:00\" \/>\n<meta property=\"article:modified_time\" content=\"2025-12-05T22:02:48+00:00\" \/>\n<meta property=\"og:image\" content=\"https:\/\/digitalculturesandarts.ch\/wp-content\/uploads\/2024\/10\/duotone-19.png\" \/>\n\t<meta property=\"og:image:width\" content=\"1280\" \/>\n\t<meta property=\"og:image:height\" content=\"880\" \/>\n\t<meta property=\"og:image:type\" content=\"image\/png\" \/>\n<meta name=\"author\" content=\"Lars Pinkwart\" \/>\n<meta name=\"twitter:card\" content=\"summary_large_image\" \/>\n<script type=\"application\/ld+json\" class=\"yoast-schema-graph\">{\"@context\":\"https:\\\/\\\/schema.org\",\"@graph\":[{\"@type\":\"Article\",\"@id\":\"https:\\\/\\\/digitalculturesandarts.ch\\\/ai-art-and-common-sense-hito-steyerl-in-conversation-with-gerald-raunig\\\/#article\",\"isPartOf\":{\"@id\":\"https:\\\/\\\/digitalculturesandarts.ch\\\/ai-art-and-common-sense-hito-steyerl-in-conversation-with-gerald-raunig\\\/\"},\"author\":{\"name\":\"Lars Pinkwart\",\"@id\":\"https:\\\/\\\/digitalculturesandarts.ch\\\/#\\\/schema\\\/person\\\/515b79435c60421a2c35ab4519a27a71\"},\"headline\":\"Hito Steyerl: \u00abAI, Art and Common Sense\u00bb\",\"datePublished\":\"2024-10-04T11:30:12+00:00\",\"dateModified\":\"2025-12-05T22:02:48+00:00\",\"mainEntityOfPage\":{\"@id\":\"https:\\\/\\\/digitalculturesandarts.ch\\\/ai-art-and-common-sense-hito-steyerl-in-conversation-with-gerald-raunig\\\/\"},\"wordCount\":116,\"commentCount\":0,\"publisher\":{\"@id\":\"https:\\\/\\\/digitalculturesandarts.ch\\\/#organization\"},\"image\":{\"@id\":\"https:\\\/\\\/digitalculturesandarts.ch\\\/ai-art-and-common-sense-hito-steyerl-in-conversation-with-gerald-raunig\\\/#primaryimage\"},\"thumbnailUrl\":\"https:\\\/\\\/digitalculturesandarts.ch\\\/wp-content\\\/uploads\\\/2024\\\/10\\\/duotone-19.png\",\"articleSection\":[\"Event\"],\"inLanguage\":\"de-CH\",\"potentialAction\":[{\"@type\":\"CommentAction\",\"name\":\"Comment\",\"target\":[\"https:\\\/\\\/digitalculturesandarts.ch\\\/ai-art-and-common-sense-hito-steyerl-in-conversation-with-gerald-raunig\\\/#respond\"]}]},{\"@type\":\"WebPage\",\"@id\":\"https:\\\/\\\/digitalculturesandarts.ch\\\/ai-art-and-common-sense-hito-steyerl-in-conversation-with-gerald-raunig\\\/\",\"url\":\"https:\\\/\\\/digitalculturesandarts.ch\\\/ai-art-and-common-sense-hito-steyerl-in-conversation-with-gerald-raunig\\\/\",\"name\":\"Hito Steyerl: \u00abAI, Art and Common Sense\u00bb - digital cultures and arts\",\"isPartOf\":{\"@id\":\"https:\\\/\\\/digitalculturesandarts.ch\\\/#website\"},\"primaryImageOfPage\":{\"@id\":\"https:\\\/\\\/digitalculturesandarts.ch\\\/ai-art-and-common-sense-hito-steyerl-in-conversation-with-gerald-raunig\\\/#primaryimage\"},\"image\":{\"@id\":\"https:\\\/\\\/digitalculturesandarts.ch\\\/ai-art-and-common-sense-hito-steyerl-in-conversation-with-gerald-raunig\\\/#primaryimage\"},\"thumbnailUrl\":\"https:\\\/\\\/digitalculturesandarts.ch\\\/wp-content\\\/uploads\\\/2024\\\/10\\\/duotone-19.png\",\"datePublished\":\"2024-10-04T11:30:12+00:00\",\"dateModified\":\"2025-12-05T22:02:48+00:00\",\"breadcrumb\":{\"@id\":\"https:\\\/\\\/digitalculturesandarts.ch\\\/ai-art-and-common-sense-hito-steyerl-in-conversation-with-gerald-raunig\\\/#breadcrumb\"},\"inLanguage\":\"de-CH\",\"potentialAction\":[{\"@type\":\"ReadAction\",\"target\":[\"https:\\\/\\\/digitalculturesandarts.ch\\\/ai-art-and-common-sense-hito-steyerl-in-conversation-with-gerald-raunig\\\/\"]}]},{\"@type\":\"ImageObject\",\"inLanguage\":\"de-CH\",\"@id\":\"https:\\\/\\\/digitalculturesandarts.ch\\\/ai-art-and-common-sense-hito-steyerl-in-conversation-with-gerald-raunig\\\/#primaryimage\",\"url\":\"https:\\\/\\\/digitalculturesandarts.ch\\\/wp-content\\\/uploads\\\/2024\\\/10\\\/duotone-19.png\",\"contentUrl\":\"https:\\\/\\\/digitalculturesandarts.ch\\\/wp-content\\\/uploads\\\/2024\\\/10\\\/duotone-19.png\",\"width\":1280,\"height\":880},{\"@type\":\"BreadcrumbList\",\"@id\":\"https:\\\/\\\/digitalculturesandarts.ch\\\/ai-art-and-common-sense-hito-steyerl-in-conversation-with-gerald-raunig\\\/#breadcrumb\",\"itemListElement\":[{\"@type\":\"ListItem\",\"position\":1,\"name\":\"Home\",\"item\":\"https:\\\/\\\/digitalculturesandarts.ch\\\/\"},{\"@type\":\"ListItem\",\"position\":2,\"name\":\"Hito Steyerl: \u00abAI, Art and Common Sense\u00bb\"}]},{\"@type\":\"WebSite\",\"@id\":\"https:\\\/\\\/digitalculturesandarts.ch\\\/#website\",\"url\":\"https:\\\/\\\/digitalculturesandarts.ch\\\/\",\"name\":\"digital cultures and arts\",\"description\":\"Bridge Professorship between the University of Zurich and Zurich University of the Arts\",\"publisher\":{\"@id\":\"https:\\\/\\\/digitalculturesandarts.ch\\\/#organization\"},\"alternateName\":\"digitale kulturen und k\u00fcnste\",\"potentialAction\":[{\"@type\":\"SearchAction\",\"target\":{\"@type\":\"EntryPoint\",\"urlTemplate\":\"https:\\\/\\\/digitalculturesandarts.ch\\\/?s={search_term_string}\"},\"query-input\":{\"@type\":\"PropertyValueSpecification\",\"valueRequired\":true,\"valueName\":\"search_term_string\"}}],\"inLanguage\":\"de-CH\"},{\"@type\":\"Organization\",\"@id\":\"https:\\\/\\\/digitalculturesandarts.ch\\\/#organization\",\"name\":\"digital cultures and arts\",\"alternateName\":\"digitale kulturen und k\u00fcnste\",\"url\":\"https:\\\/\\\/digitalculturesandarts.ch\\\/\",\"logo\":{\"@type\":\"ImageObject\",\"inLanguage\":\"de-CH\",\"@id\":\"https:\\\/\\\/digitalculturesandarts.ch\\\/#\\\/schema\\\/logo\\\/image\\\/\",\"url\":\"https:\\\/\\\/digitalculturesandarts.ch\\\/wp-content\\\/uploads\\\/2025\\\/04\\\/cropped-col.png\",\"contentUrl\":\"https:\\\/\\\/digitalculturesandarts.ch\\\/wp-content\\\/uploads\\\/2025\\\/04\\\/cropped-col.png\",\"width\":512,\"height\":512,\"caption\":\"digital cultures and arts\"},\"image\":{\"@id\":\"https:\\\/\\\/digitalculturesandarts.ch\\\/#\\\/schema\\\/logo\\\/image\\\/\"},\"sameAs\":[\"https:\\\/\\\/www.instagram.com\\\/digitalculturesandarts\\\/\"]},{\"@type\":\"Person\",\"@id\":\"https:\\\/\\\/digitalculturesandarts.ch\\\/#\\\/schema\\\/person\\\/515b79435c60421a2c35ab4519a27a71\",\"name\":\"Lars Pinkwart\",\"image\":{\"@type\":\"ImageObject\",\"inLanguage\":\"de-CH\",\"@id\":\"https:\\\/\\\/secure.gravatar.com\\\/avatar\\\/cb990730af9ab797a3264d84000dc9acc3181bbff95f1d655fedd8211e19f493?s=96&d=mm&r=g\",\"url\":\"https:\\\/\\\/secure.gravatar.com\\\/avatar\\\/cb990730af9ab797a3264d84000dc9acc3181bbff95f1d655fedd8211e19f493?s=96&d=mm&r=g\",\"contentUrl\":\"https:\\\/\\\/secure.gravatar.com\\\/avatar\\\/cb990730af9ab797a3264d84000dc9acc3181bbff95f1d655fedd8211e19f493?s=96&d=mm&r=g\",\"caption\":\"Lars Pinkwart\"},\"url\":\"https:\\\/\\\/digitalculturesandarts.ch\\\/de\\\/author\\\/lars\\\/\"}]}<\/script>\n<!-- \/ Yoast SEO plugin. -->","yoast_head_json":{"title":"Hito Steyerl: \u00abAI, Art and Common Sense\u00bb - digital cultures and arts","robots":{"index":"index","follow":"follow","max-snippet":"max-snippet:-1","max-image-preview":"max-image-preview:large","max-video-preview":"max-video-preview:-1"},"canonical":"https:\/\/digitalculturesandarts.ch\/de\/ai-art-and-common-sense-hito-steyerl-in-conversation-with-gerald-raunig\/","og_locale":"de_DE","og_type":"article","og_title":"Hito Steyerl: \u00abAI, Art and Common Sense\u00bb - digital cultures and arts","og_description":"AI sometimes fails at seemingly simple tasks that require little more than common sense to solve. Yet, automating common sense, an amorphous body of intuitive reasoning, turns out to be extremely difficult, that it has been called the \u00abdark matter of AI\u00bb. In this talk, Hito Steyerl will focus on the relationship between AI, Art [&hellip;]","og_url":"https:\/\/digitalculturesandarts.ch\/de\/ai-art-and-common-sense-hito-steyerl-in-conversation-with-gerald-raunig\/","og_site_name":"digital cultures and arts","article_published_time":"2024-10-04T11:30:12+00:00","article_modified_time":"2025-12-05T22:02:48+00:00","og_image":[{"width":1280,"height":880,"url":"https:\/\/digitalculturesandarts.ch\/wp-content\/uploads\/2024\/10\/duotone-19.png","type":"image\/png"}],"author":"Lars Pinkwart","twitter_card":"summary_large_image","schema":{"@context":"https:\/\/schema.org","@graph":[{"@type":"Article","@id":"https:\/\/digitalculturesandarts.ch\/ai-art-and-common-sense-hito-steyerl-in-conversation-with-gerald-raunig\/#article","isPartOf":{"@id":"https:\/\/digitalculturesandarts.ch\/ai-art-and-common-sense-hito-steyerl-in-conversation-with-gerald-raunig\/"},"author":{"name":"Lars Pinkwart","@id":"https:\/\/digitalculturesandarts.ch\/#\/schema\/person\/515b79435c60421a2c35ab4519a27a71"},"headline":"Hito Steyerl: \u00abAI, Art and Common Sense\u00bb","datePublished":"2024-10-04T11:30:12+00:00","dateModified":"2025-12-05T22:02:48+00:00","mainEntityOfPage":{"@id":"https:\/\/digitalculturesandarts.ch\/ai-art-and-common-sense-hito-steyerl-in-conversation-with-gerald-raunig\/"},"wordCount":116,"commentCount":0,"publisher":{"@id":"https:\/\/digitalculturesandarts.ch\/#organization"},"image":{"@id":"https:\/\/digitalculturesandarts.ch\/ai-art-and-common-sense-hito-steyerl-in-conversation-with-gerald-raunig\/#primaryimage"},"thumbnailUrl":"https:\/\/digitalculturesandarts.ch\/wp-content\/uploads\/2024\/10\/duotone-19.png","articleSection":["Event"],"inLanguage":"de-CH","potentialAction":[{"@type":"CommentAction","name":"Comment","target":["https:\/\/digitalculturesandarts.ch\/ai-art-and-common-sense-hito-steyerl-in-conversation-with-gerald-raunig\/#respond"]}]},{"@type":"WebPage","@id":"https:\/\/digitalculturesandarts.ch\/ai-art-and-common-sense-hito-steyerl-in-conversation-with-gerald-raunig\/","url":"https:\/\/digitalculturesandarts.ch\/ai-art-and-common-sense-hito-steyerl-in-conversation-with-gerald-raunig\/","name":"Hito Steyerl: \u00abAI, Art and Common Sense\u00bb - digital cultures and arts","isPartOf":{"@id":"https:\/\/digitalculturesandarts.ch\/#website"},"primaryImageOfPage":{"@id":"https:\/\/digitalculturesandarts.ch\/ai-art-and-common-sense-hito-steyerl-in-conversation-with-gerald-raunig\/#primaryimage"},"image":{"@id":"https:\/\/digitalculturesandarts.ch\/ai-art-and-common-sense-hito-steyerl-in-conversation-with-gerald-raunig\/#primaryimage"},"thumbnailUrl":"https:\/\/digitalculturesandarts.ch\/wp-content\/uploads\/2024\/10\/duotone-19.png","datePublished":"2024-10-04T11:30:12+00:00","dateModified":"2025-12-05T22:02:48+00:00","breadcrumb":{"@id":"https:\/\/digitalculturesandarts.ch\/ai-art-and-common-sense-hito-steyerl-in-conversation-with-gerald-raunig\/#breadcrumb"},"inLanguage":"de-CH","potentialAction":[{"@type":"ReadAction","target":["https:\/\/digitalculturesandarts.ch\/ai-art-and-common-sense-hito-steyerl-in-conversation-with-gerald-raunig\/"]}]},{"@type":"ImageObject","inLanguage":"de-CH","@id":"https:\/\/digitalculturesandarts.ch\/ai-art-and-common-sense-hito-steyerl-in-conversation-with-gerald-raunig\/#primaryimage","url":"https:\/\/digitalculturesandarts.ch\/wp-content\/uploads\/2024\/10\/duotone-19.png","contentUrl":"https:\/\/digitalculturesandarts.ch\/wp-content\/uploads\/2024\/10\/duotone-19.png","width":1280,"height":880},{"@type":"BreadcrumbList","@id":"https:\/\/digitalculturesandarts.ch\/ai-art-and-common-sense-hito-steyerl-in-conversation-with-gerald-raunig\/#breadcrumb","itemListElement":[{"@type":"ListItem","position":1,"name":"Home","item":"https:\/\/digitalculturesandarts.ch\/"},{"@type":"ListItem","position":2,"name":"Hito Steyerl: \u00abAI, Art and Common Sense\u00bb"}]},{"@type":"WebSite","@id":"https:\/\/digitalculturesandarts.ch\/#website","url":"https:\/\/digitalculturesandarts.ch\/","name":"digitale kulturen und k\u00fcnste","description":"Bridge Professorship between the University of Zurich and Zurich University of the Arts","publisher":{"@id":"https:\/\/digitalculturesandarts.ch\/#organization"},"alternateName":"digitale kulturen und k\u00fcnste","potentialAction":[{"@type":"SearchAction","target":{"@type":"EntryPoint","urlTemplate":"https:\/\/digitalculturesandarts.ch\/?s={search_term_string}"},"query-input":{"@type":"PropertyValueSpecification","valueRequired":true,"valueName":"search_term_string"}}],"inLanguage":"de-CH"},{"@type":"Organization","@id":"https:\/\/digitalculturesandarts.ch\/#organization","name":"digitale kulturen und k\u00fcnste","alternateName":"digitale kulturen und k\u00fcnste","url":"https:\/\/digitalculturesandarts.ch\/","logo":{"@type":"ImageObject","inLanguage":"de-CH","@id":"https:\/\/digitalculturesandarts.ch\/#\/schema\/logo\/image\/","url":"https:\/\/digitalculturesandarts.ch\/wp-content\/uploads\/2025\/04\/cropped-col.png","contentUrl":"https:\/\/digitalculturesandarts.ch\/wp-content\/uploads\/2025\/04\/cropped-col.png","width":512,"height":512,"caption":"digital cultures and arts"},"image":{"@id":"https:\/\/digitalculturesandarts.ch\/#\/schema\/logo\/image\/"},"sameAs":["https:\/\/www.instagram.com\/digitalculturesandarts\/"]},{"@type":"Person","@id":"https:\/\/digitalculturesandarts.ch\/#\/schema\/person\/515b79435c60421a2c35ab4519a27a71","name":"Lars Pinkwart","image":{"@type":"ImageObject","inLanguage":"de-CH","@id":"https:\/\/secure.gravatar.com\/avatar\/cb990730af9ab797a3264d84000dc9acc3181bbff95f1d655fedd8211e19f493?s=96&d=mm&r=g","url":"https:\/\/secure.gravatar.com\/avatar\/cb990730af9ab797a3264d84000dc9acc3181bbff95f1d655fedd8211e19f493?s=96&d=mm&r=g","contentUrl":"https:\/\/secure.gravatar.com\/avatar\/cb990730af9ab797a3264d84000dc9acc3181bbff95f1d655fedd8211e19f493?s=96&d=mm&r=g","caption":"Lars Pinkwart"},"url":"https:\/\/digitalculturesandarts.ch\/de\/author\/lars\/"}]}},"mfb_rest_fields":["title","yoast_head","yoast_head_json"],"_links":{"self":[{"href":"https:\/\/digitalculturesandarts.ch\/de\/wp-json\/wp\/v2\/posts\/74","targetHints":{"allow":["GET"]}}],"collection":[{"href":"https:\/\/digitalculturesandarts.ch\/de\/wp-json\/wp\/v2\/posts"}],"about":[{"href":"https:\/\/digitalculturesandarts.ch\/de\/wp-json\/wp\/v2\/types\/post"}],"author":[{"embeddable":true,"href":"https:\/\/digitalculturesandarts.ch\/de\/wp-json\/wp\/v2\/users\/1"}],"replies":[{"embeddable":true,"href":"https:\/\/digitalculturesandarts.ch\/de\/wp-json\/wp\/v2\/comments?post=74"}],"version-history":[{"count":13,"href":"https:\/\/digitalculturesandarts.ch\/de\/wp-json\/wp\/v2\/posts\/74\/revisions"}],"predecessor-version":[{"id":6282,"href":"https:\/\/digitalculturesandarts.ch\/de\/wp-json\/wp\/v2\/posts\/74\/revisions\/6282"}],"wp:featuredmedia":[{"embeddable":true,"href":"https:\/\/digitalculturesandarts.ch\/de\/wp-json\/wp\/v2\/media\/6515"}],"wp:attachment":[{"href":"https:\/\/digitalculturesandarts.ch\/de\/wp-json\/wp\/v2\/media?parent=74"}],"wp:term":[{"taxonomy":"category","embeddable":true,"href":"https:\/\/digitalculturesandarts.ch\/de\/wp-json\/wp\/v2\/categories?post=74"},{"taxonomy":"post_tag","embeddable":true,"href":"https:\/\/digitalculturesandarts.ch\/de\/wp-json\/wp\/v2\/tags?post=74"}],"curies":[{"name":"wp","href":"https:\/\/api.w.org\/{rel}","templated":true}]}}