{"id":70,"date":"2024-10-04T11:26:19","date_gmt":"2024-10-04T11:26:19","guid":{"rendered":"https:\/\/qiq.mjf.mybluehost.me\/?p=70"},"modified":"2025-12-05T22:03:47","modified_gmt":"2025-12-05T22:03:47","slug":"as-we-may-see","status":"publish","type":"post","link":"https:\/\/digitalculturesandarts.ch\/de\/as-we-may-see\/","title":{"rendered":"Konferenz: \u00abAs We May See. Tracking and Tracing the Image after Farocki\u00bb"},"content":{"rendered":"<p class=\"\"><\/p>\n\n\n\n<p class=\"\">1945 ver\u00f6ffentlicht Vannevar Bush den einflussreichen Essay \u00abAs We May Think\u00bb. Im Computerzeitalter, so Bushs Prognose, werden hierarchische Techniken der Organisation, Adressierung und Verarbeitung von Informationen durch eine flexiblere und assoziative maschinelle Methode ersetzt, die er \u00abMemex\u00bb nannte. \u00abGanz neue Arten von Enzyklop\u00e4dien werden entstehen, bereits versehen mit einem Netz assoziativer Pfade, bereit, in den Memex eingebaut und dort erweitert zu werden.\u00bb 1986 beendet Harun Farocki seinen Film Wie man sieht, ein filmisches Netz assoziativer Pfade, in dem der Jacquard-Webstuhl, die Erfindung des Maschinengewehrs und alternative Wege der Technikgeschichte zu einem vielschichtigen Muster verwoben sind. Was haben uns Bush, Farocki und andere Denker:innen und Praktiker:innen des Bildes heute, vor dem Hintergrund von digitalen Plattformen, \u00abubiquitous computing\u00bb und sogenannter \u00abgenerativer KI\u00bb, zu sagen?<\/p>\n\n\n\n<p class=\"\">Das Farocki-Forum und das Zentrum K\u00fcnste und Kulturtheorie der Universit\u00e4t Z\u00fcrich und der Z\u00fcrcher Hochschule der K\u00fcnste (ZHdK) laden zu einer internationalen Tagung ein: In ihrem Zentrum steht die aktuelle Debatte um die Beschaffenheit und Wirkungsmacht des Bildes im Umfeld der sichtbaren, nicht sichtbaren, automatisierten sowie durch KI unterst\u00fctzten digitalen Verarbeitung. Unter dem Titel \u00abAs We May See\u00bb wird gefragt, wie sich heute an Farockis Denken anschliessen l\u00e4sst. Filme, Vortr\u00e4ge und Gespr\u00e4che laden dazu ein, den widerspr\u00fcchlichen Zustand technischer Bilder zu diskutieren.<\/p>\n\n\n\n<p class=\"\"><a href=\"https:\/\/backend.zentrumkuensteundkulturtheorie.ch\/site\/assets\/files\/4773\/as-we_may-see_flyer-low.pdf\">Programm<\/a><\/p>","protected":false},"excerpt":{"rendered":"<p>In 1945, Vannevar Bush published his landmark essay AS WE MAY THINK. In the age of computing, he argued, traditional forms of organizing, addressing, and processing information by \u00abindexing\u00bb will be replaced by a much more flexible and associative machine-driven method he called memex. \u00abWholly new forms of encyclopedias will appear, ready-made with a mesh [&hellip;]<\/p>\n","protected":false},"author":1,"featured_media":6516,"comment_status":"open","ping_status":"open","sticky":false,"template":"","format":"standard","meta":{"nf_dc_page":"","_coblocks_attr":"","_coblocks_dimensions":"","_coblocks_responsive_height":"","_coblocks_accordion_ie_support":"","_FSMCFIC_featured_image_caption":"Lars Pinkwart | \u00a9 Digital Cultures and Arts","_FSMCFIC_featured_image_nocaption":"","_FSMCFIC_featured_image_hide":"","footnotes":""},"categories":[15],"tags":[],"class_list":["post-70","post","type-post","status-publish","format-standard","has-post-thumbnail","hentry","category-event"],"mb":[],"yoast_head":"<!-- This site is optimized with the Yoast SEO plugin v27.4 - https:\/\/yoast.com\/product\/yoast-seo-wordpress\/ -->\n<title>Conference: \u00abAs We May See. Tracking and Tracing the Image after Farocki\u00bb - digital cultures and arts<\/title>\n<meta name=\"robots\" content=\"index, follow, max-snippet:-1, max-image-preview:large, max-video-preview:-1\" \/>\n<link rel=\"canonical\" href=\"https:\/\/digitalculturesandarts.ch\/de\/as-we-may-see\/\" \/>\n<meta property=\"og:locale\" content=\"de_DE\" \/>\n<meta property=\"og:type\" content=\"article\" \/>\n<meta property=\"og:title\" content=\"Conference: \u00abAs We May See. Tracking and Tracing the Image after Farocki\u00bb - digital cultures and arts\" \/>\n<meta property=\"og:description\" content=\"In 1945, Vannevar Bush published his landmark essay AS WE MAY THINK. In the age of computing, he argued, traditional forms of organizing, addressing, and processing information by \u00abindexing\u00bb will be replaced by a much more flexible and associative machine-driven method he called memex. \u00abWholly new forms of encyclopedias will appear, ready-made with a mesh [&hellip;]\" \/>\n<meta property=\"og:url\" content=\"https:\/\/digitalculturesandarts.ch\/de\/as-we-may-see\/\" \/>\n<meta property=\"og:site_name\" content=\"digital cultures and arts\" \/>\n<meta property=\"article:published_time\" content=\"2024-10-04T11:26:19+00:00\" \/>\n<meta property=\"article:modified_time\" content=\"2025-12-05T22:03:47+00:00\" \/>\n<meta property=\"og:image\" content=\"https:\/\/digitalculturesandarts.ch\/wp-content\/uploads\/2024\/10\/duotone-21-1024x683.png\" \/>\n\t<meta property=\"og:image:width\" content=\"1024\" \/>\n\t<meta property=\"og:image:height\" content=\"683\" \/>\n\t<meta property=\"og:image:type\" content=\"image\/png\" \/>\n<meta name=\"author\" content=\"Lars Pinkwart\" \/>\n<meta name=\"twitter:card\" content=\"summary_large_image\" \/>\n<script type=\"application\/ld+json\" class=\"yoast-schema-graph\">{\"@context\":\"https:\\\/\\\/schema.org\",\"@graph\":[{\"@type\":\"Article\",\"@id\":\"https:\\\/\\\/digitalculturesandarts.ch\\\/as-we-may-see\\\/#article\",\"isPartOf\":{\"@id\":\"https:\\\/\\\/digitalculturesandarts.ch\\\/as-we-may-see\\\/\"},\"author\":{\"name\":\"Lars Pinkwart\",\"@id\":\"https:\\\/\\\/digitalculturesandarts.ch\\\/#\\\/schema\\\/person\\\/515b79435c60421a2c35ab4519a27a71\"},\"headline\":\"Conference: \u00abAs We May See. Tracking and Tracing the Image after Farocki\u00bb\",\"datePublished\":\"2024-10-04T11:26:19+00:00\",\"dateModified\":\"2025-12-05T22:03:47+00:00\",\"mainEntityOfPage\":{\"@id\":\"https:\\\/\\\/digitalculturesandarts.ch\\\/as-we-may-see\\\/\"},\"wordCount\":282,\"commentCount\":0,\"publisher\":{\"@id\":\"https:\\\/\\\/digitalculturesandarts.ch\\\/#organization\"},\"image\":{\"@id\":\"https:\\\/\\\/digitalculturesandarts.ch\\\/as-we-may-see\\\/#primaryimage\"},\"thumbnailUrl\":\"https:\\\/\\\/digitalculturesandarts.ch\\\/wp-content\\\/uploads\\\/2024\\\/10\\\/duotone-21.png\",\"articleSection\":[\"Event\"],\"inLanguage\":\"de-CH\",\"potentialAction\":[{\"@type\":\"CommentAction\",\"name\":\"Comment\",\"target\":[\"https:\\\/\\\/digitalculturesandarts.ch\\\/as-we-may-see\\\/#respond\"]}]},{\"@type\":\"WebPage\",\"@id\":\"https:\\\/\\\/digitalculturesandarts.ch\\\/as-we-may-see\\\/\",\"url\":\"https:\\\/\\\/digitalculturesandarts.ch\\\/as-we-may-see\\\/\",\"name\":\"Conference: \u00abAs We May See. Tracking and Tracing the Image after Farocki\u00bb - digital cultures and arts\",\"isPartOf\":{\"@id\":\"https:\\\/\\\/digitalculturesandarts.ch\\\/#website\"},\"primaryImageOfPage\":{\"@id\":\"https:\\\/\\\/digitalculturesandarts.ch\\\/as-we-may-see\\\/#primaryimage\"},\"image\":{\"@id\":\"https:\\\/\\\/digitalculturesandarts.ch\\\/as-we-may-see\\\/#primaryimage\"},\"thumbnailUrl\":\"https:\\\/\\\/digitalculturesandarts.ch\\\/wp-content\\\/uploads\\\/2024\\\/10\\\/duotone-21.png\",\"datePublished\":\"2024-10-04T11:26:19+00:00\",\"dateModified\":\"2025-12-05T22:03:47+00:00\",\"breadcrumb\":{\"@id\":\"https:\\\/\\\/digitalculturesandarts.ch\\\/as-we-may-see\\\/#breadcrumb\"},\"inLanguage\":\"de-CH\",\"potentialAction\":[{\"@type\":\"ReadAction\",\"target\":[\"https:\\\/\\\/digitalculturesandarts.ch\\\/as-we-may-see\\\/\"]}]},{\"@type\":\"ImageObject\",\"inLanguage\":\"de-CH\",\"@id\":\"https:\\\/\\\/digitalculturesandarts.ch\\\/as-we-may-see\\\/#primaryimage\",\"url\":\"https:\\\/\\\/digitalculturesandarts.ch\\\/wp-content\\\/uploads\\\/2024\\\/10\\\/duotone-21.png\",\"contentUrl\":\"https:\\\/\\\/digitalculturesandarts.ch\\\/wp-content\\\/uploads\\\/2024\\\/10\\\/duotone-21.png\",\"width\":2560,\"height\":1707},{\"@type\":\"BreadcrumbList\",\"@id\":\"https:\\\/\\\/digitalculturesandarts.ch\\\/as-we-may-see\\\/#breadcrumb\",\"itemListElement\":[{\"@type\":\"ListItem\",\"position\":1,\"name\":\"Home\",\"item\":\"https:\\\/\\\/digitalculturesandarts.ch\\\/\"},{\"@type\":\"ListItem\",\"position\":2,\"name\":\"Conference: \u00abAs We May See. Tracking and Tracing the Image after Farocki\u00bb\"}]},{\"@type\":\"WebSite\",\"@id\":\"https:\\\/\\\/digitalculturesandarts.ch\\\/#website\",\"url\":\"https:\\\/\\\/digitalculturesandarts.ch\\\/\",\"name\":\"digital cultures and arts\",\"description\":\"Bridge Professorship between the University of Zurich and Zurich University of the Arts\",\"publisher\":{\"@id\":\"https:\\\/\\\/digitalculturesandarts.ch\\\/#organization\"},\"alternateName\":\"digitale kulturen und k\u00fcnste\",\"potentialAction\":[{\"@type\":\"SearchAction\",\"target\":{\"@type\":\"EntryPoint\",\"urlTemplate\":\"https:\\\/\\\/digitalculturesandarts.ch\\\/?s={search_term_string}\"},\"query-input\":{\"@type\":\"PropertyValueSpecification\",\"valueRequired\":true,\"valueName\":\"search_term_string\"}}],\"inLanguage\":\"de-CH\"},{\"@type\":\"Organization\",\"@id\":\"https:\\\/\\\/digitalculturesandarts.ch\\\/#organization\",\"name\":\"digital cultures and arts\",\"alternateName\":\"digitale kulturen und k\u00fcnste\",\"url\":\"https:\\\/\\\/digitalculturesandarts.ch\\\/\",\"logo\":{\"@type\":\"ImageObject\",\"inLanguage\":\"de-CH\",\"@id\":\"https:\\\/\\\/digitalculturesandarts.ch\\\/#\\\/schema\\\/logo\\\/image\\\/\",\"url\":\"https:\\\/\\\/digitalculturesandarts.ch\\\/wp-content\\\/uploads\\\/2025\\\/04\\\/cropped-col.png\",\"contentUrl\":\"https:\\\/\\\/digitalculturesandarts.ch\\\/wp-content\\\/uploads\\\/2025\\\/04\\\/cropped-col.png\",\"width\":512,\"height\":512,\"caption\":\"digital cultures and arts\"},\"image\":{\"@id\":\"https:\\\/\\\/digitalculturesandarts.ch\\\/#\\\/schema\\\/logo\\\/image\\\/\"},\"sameAs\":[\"https:\\\/\\\/www.instagram.com\\\/digitalculturesandarts\\\/\"]},{\"@type\":\"Person\",\"@id\":\"https:\\\/\\\/digitalculturesandarts.ch\\\/#\\\/schema\\\/person\\\/515b79435c60421a2c35ab4519a27a71\",\"name\":\"Lars Pinkwart\",\"image\":{\"@type\":\"ImageObject\",\"inLanguage\":\"de-CH\",\"@id\":\"https:\\\/\\\/secure.gravatar.com\\\/avatar\\\/cb990730af9ab797a3264d84000dc9acc3181bbff95f1d655fedd8211e19f493?s=96&d=mm&r=g\",\"url\":\"https:\\\/\\\/secure.gravatar.com\\\/avatar\\\/cb990730af9ab797a3264d84000dc9acc3181bbff95f1d655fedd8211e19f493?s=96&d=mm&r=g\",\"contentUrl\":\"https:\\\/\\\/secure.gravatar.com\\\/avatar\\\/cb990730af9ab797a3264d84000dc9acc3181bbff95f1d655fedd8211e19f493?s=96&d=mm&r=g\",\"caption\":\"Lars Pinkwart\"},\"url\":\"https:\\\/\\\/digitalculturesandarts.ch\\\/de\\\/author\\\/lars\\\/\"}]}<\/script>\n<!-- \/ Yoast SEO plugin. -->","yoast_head_json":{"title":"Conference: \u00abAs We May See. Tracking and Tracing the Image after Farocki\u00bb - digital cultures and arts","robots":{"index":"index","follow":"follow","max-snippet":"max-snippet:-1","max-image-preview":"max-image-preview:large","max-video-preview":"max-video-preview:-1"},"canonical":"https:\/\/digitalculturesandarts.ch\/de\/as-we-may-see\/","og_locale":"de_DE","og_type":"article","og_title":"Conference: \u00abAs We May See. Tracking and Tracing the Image after Farocki\u00bb - digital cultures and arts","og_description":"In 1945, Vannevar Bush published his landmark essay AS WE MAY THINK. In the age of computing, he argued, traditional forms of organizing, addressing, and processing information by \u00abindexing\u00bb will be replaced by a much more flexible and associative machine-driven method he called memex. \u00abWholly new forms of encyclopedias will appear, ready-made with a mesh [&hellip;]","og_url":"https:\/\/digitalculturesandarts.ch\/de\/as-we-may-see\/","og_site_name":"digital cultures and arts","article_published_time":"2024-10-04T11:26:19+00:00","article_modified_time":"2025-12-05T22:03:47+00:00","og_image":[{"width":1024,"height":683,"url":"https:\/\/digitalculturesandarts.ch\/wp-content\/uploads\/2024\/10\/duotone-21-1024x683.png","type":"image\/png"}],"author":"Lars Pinkwart","twitter_card":"summary_large_image","schema":{"@context":"https:\/\/schema.org","@graph":[{"@type":"Article","@id":"https:\/\/digitalculturesandarts.ch\/as-we-may-see\/#article","isPartOf":{"@id":"https:\/\/digitalculturesandarts.ch\/as-we-may-see\/"},"author":{"name":"Lars Pinkwart","@id":"https:\/\/digitalculturesandarts.ch\/#\/schema\/person\/515b79435c60421a2c35ab4519a27a71"},"headline":"Conference: \u00abAs We May See. Tracking and Tracing the Image after Farocki\u00bb","datePublished":"2024-10-04T11:26:19+00:00","dateModified":"2025-12-05T22:03:47+00:00","mainEntityOfPage":{"@id":"https:\/\/digitalculturesandarts.ch\/as-we-may-see\/"},"wordCount":282,"commentCount":0,"publisher":{"@id":"https:\/\/digitalculturesandarts.ch\/#organization"},"image":{"@id":"https:\/\/digitalculturesandarts.ch\/as-we-may-see\/#primaryimage"},"thumbnailUrl":"https:\/\/digitalculturesandarts.ch\/wp-content\/uploads\/2024\/10\/duotone-21.png","articleSection":["Event"],"inLanguage":"de-CH","potentialAction":[{"@type":"CommentAction","name":"Comment","target":["https:\/\/digitalculturesandarts.ch\/as-we-may-see\/#respond"]}]},{"@type":"WebPage","@id":"https:\/\/digitalculturesandarts.ch\/as-we-may-see\/","url":"https:\/\/digitalculturesandarts.ch\/as-we-may-see\/","name":"Conference: \u00abAs We May See. Tracking and Tracing the Image after Farocki\u00bb - digital cultures and arts","isPartOf":{"@id":"https:\/\/digitalculturesandarts.ch\/#website"},"primaryImageOfPage":{"@id":"https:\/\/digitalculturesandarts.ch\/as-we-may-see\/#primaryimage"},"image":{"@id":"https:\/\/digitalculturesandarts.ch\/as-we-may-see\/#primaryimage"},"thumbnailUrl":"https:\/\/digitalculturesandarts.ch\/wp-content\/uploads\/2024\/10\/duotone-21.png","datePublished":"2024-10-04T11:26:19+00:00","dateModified":"2025-12-05T22:03:47+00:00","breadcrumb":{"@id":"https:\/\/digitalculturesandarts.ch\/as-we-may-see\/#breadcrumb"},"inLanguage":"de-CH","potentialAction":[{"@type":"ReadAction","target":["https:\/\/digitalculturesandarts.ch\/as-we-may-see\/"]}]},{"@type":"ImageObject","inLanguage":"de-CH","@id":"https:\/\/digitalculturesandarts.ch\/as-we-may-see\/#primaryimage","url":"https:\/\/digitalculturesandarts.ch\/wp-content\/uploads\/2024\/10\/duotone-21.png","contentUrl":"https:\/\/digitalculturesandarts.ch\/wp-content\/uploads\/2024\/10\/duotone-21.png","width":2560,"height":1707},{"@type":"BreadcrumbList","@id":"https:\/\/digitalculturesandarts.ch\/as-we-may-see\/#breadcrumb","itemListElement":[{"@type":"ListItem","position":1,"name":"Home","item":"https:\/\/digitalculturesandarts.ch\/"},{"@type":"ListItem","position":2,"name":"Conference: \u00abAs We May See. Tracking and Tracing the Image after Farocki\u00bb"}]},{"@type":"WebSite","@id":"https:\/\/digitalculturesandarts.ch\/#website","url":"https:\/\/digitalculturesandarts.ch\/","name":"digitale kulturen und k\u00fcnste","description":"Bridge Professorship between the University of Zurich and Zurich University of the Arts","publisher":{"@id":"https:\/\/digitalculturesandarts.ch\/#organization"},"alternateName":"digitale kulturen und k\u00fcnste","potentialAction":[{"@type":"SearchAction","target":{"@type":"EntryPoint","urlTemplate":"https:\/\/digitalculturesandarts.ch\/?s={search_term_string}"},"query-input":{"@type":"PropertyValueSpecification","valueRequired":true,"valueName":"search_term_string"}}],"inLanguage":"de-CH"},{"@type":"Organization","@id":"https:\/\/digitalculturesandarts.ch\/#organization","name":"digitale kulturen und k\u00fcnste","alternateName":"digitale kulturen und k\u00fcnste","url":"https:\/\/digitalculturesandarts.ch\/","logo":{"@type":"ImageObject","inLanguage":"de-CH","@id":"https:\/\/digitalculturesandarts.ch\/#\/schema\/logo\/image\/","url":"https:\/\/digitalculturesandarts.ch\/wp-content\/uploads\/2025\/04\/cropped-col.png","contentUrl":"https:\/\/digitalculturesandarts.ch\/wp-content\/uploads\/2025\/04\/cropped-col.png","width":512,"height":512,"caption":"digital cultures and arts"},"image":{"@id":"https:\/\/digitalculturesandarts.ch\/#\/schema\/logo\/image\/"},"sameAs":["https:\/\/www.instagram.com\/digitalculturesandarts\/"]},{"@type":"Person","@id":"https:\/\/digitalculturesandarts.ch\/#\/schema\/person\/515b79435c60421a2c35ab4519a27a71","name":"Lars Pinkwart","image":{"@type":"ImageObject","inLanguage":"de-CH","@id":"https:\/\/secure.gravatar.com\/avatar\/cb990730af9ab797a3264d84000dc9acc3181bbff95f1d655fedd8211e19f493?s=96&d=mm&r=g","url":"https:\/\/secure.gravatar.com\/avatar\/cb990730af9ab797a3264d84000dc9acc3181bbff95f1d655fedd8211e19f493?s=96&d=mm&r=g","contentUrl":"https:\/\/secure.gravatar.com\/avatar\/cb990730af9ab797a3264d84000dc9acc3181bbff95f1d655fedd8211e19f493?s=96&d=mm&r=g","caption":"Lars Pinkwart"},"url":"https:\/\/digitalculturesandarts.ch\/de\/author\/lars\/"}]}},"mfb_rest_fields":["title","yoast_head","yoast_head_json"],"_links":{"self":[{"href":"https:\/\/digitalculturesandarts.ch\/de\/wp-json\/wp\/v2\/posts\/70","targetHints":{"allow":["GET"]}}],"collection":[{"href":"https:\/\/digitalculturesandarts.ch\/de\/wp-json\/wp\/v2\/posts"}],"about":[{"href":"https:\/\/digitalculturesandarts.ch\/de\/wp-json\/wp\/v2\/types\/post"}],"author":[{"embeddable":true,"href":"https:\/\/digitalculturesandarts.ch\/de\/wp-json\/wp\/v2\/users\/1"}],"replies":[{"embeddable":true,"href":"https:\/\/digitalculturesandarts.ch\/de\/wp-json\/wp\/v2\/comments?post=70"}],"version-history":[{"count":11,"href":"https:\/\/digitalculturesandarts.ch\/de\/wp-json\/wp\/v2\/posts\/70\/revisions"}],"predecessor-version":[{"id":6402,"href":"https:\/\/digitalculturesandarts.ch\/de\/wp-json\/wp\/v2\/posts\/70\/revisions\/6402"}],"wp:featuredmedia":[{"embeddable":true,"href":"https:\/\/digitalculturesandarts.ch\/de\/wp-json\/wp\/v2\/media\/6516"}],"wp:attachment":[{"href":"https:\/\/digitalculturesandarts.ch\/de\/wp-json\/wp\/v2\/media?parent=70"}],"wp:term":[{"taxonomy":"category","embeddable":true,"href":"https:\/\/digitalculturesandarts.ch\/de\/wp-json\/wp\/v2\/categories?post=70"},{"taxonomy":"post_tag","embeddable":true,"href":"https:\/\/digitalculturesandarts.ch\/de\/wp-json\/wp\/v2\/tags?post=70"}],"curies":[{"name":"wp","href":"https:\/\/api.w.org\/{rel}","templated":true}]}}