{"id":6849,"date":"2026-04-27T11:48:53","date_gmt":"2026-04-27T11:48:53","guid":{"rendered":"https:\/\/digitalculturesandarts.ch\/?p=6849"},"modified":"2026-04-27T14:01:06","modified_gmt":"2026-04-27T14:01:06","slug":"roland-meyer-bei-schreibt-ki-geschichtekunstliche-intelligenz-in-der-historisch-politischen-bildung","status":"publish","type":"post","link":"https:\/\/digitalculturesandarts.ch\/de\/roland-meyer-bei-schreibt-ki-geschichtekunstliche-intelligenz-in-der-historisch-politischen-bildung\/","title":{"rendered":"Roland Meyer\u00a0bei der Tagung \u00abSchreibt KI Geschichte?K\u00fcnstliche Intelligenz in der historisch-politischen Bildung\u00bb"},"content":{"rendered":"<p class=\"\">Seit der Ver\u00f6ffentlichung des KI-Chatbots \u201cChatGPT\u201d im November 2022 rei\u00dft die Debatte \u00fcber K\u00fcnstliche Intelligenz nicht ab. Die auf Grundlage statistischer Datenanalysen und wahrscheinlichkeitsbasierter Berechnungen erzeugten Muster, Texte und Bilder ber\u00fchren immer st\u00e4rker genuine Arbeitsfelder der Erforschung und Vermittlung von Geschichte. Umso dr\u00e4ngender ist die Auseinandersetzung mit Verfahren der generativen und analytischen KI.&nbsp;<\/p>\n\n\n\n<p class=\"\">Vor diesem Hintergrund setzen sich inzwischen vermehrt Gedenkst\u00e4tten und Einrichtungen der historisch-politischen Bildung mit den Folgen dieser Technologien auseinander. Im Januar 2026 ver\u00f6ffentlichten \u00fcber 30 Gedenkst\u00e4tten&nbsp;<a href=\"https:\/\/www.ghwk.de\/de\/aktuelles\/ki-generierte-holocaust-verfaelschungen\" target=\"_blank\" rel=\"noreferrer noopener\">eine gemeinsame Erkl\u00e4rung.<\/a>&nbsp;Darin wiesen sie auf die stetige Zunahme gef\u00e4lschter, KI-generierter Bilder zu Holocaust und NS-Verbrechen hin und forderten zu einem entschiedeneren Vorgehen gegen solche Formen einer \u201cFake History\u201d auf.<\/p>\n\n\n\n<p class=\"\">Die kritische Auseinandersetzung mit KI f\u00fcr Forschungs- und Bildungszwecke, insbesondere in Bezug auf Holocaust und Nationalsozialismus, ist jedoch nicht neu. Seit mehr als einem Jahrzehnt entwickelt sich eine digitale Holocaustforschung, die KI-gest\u00fctzte Verfahren zur Analyse, Erschlie\u00dfung und Visualisierung digitalisierter Quellenbest\u00e4nde erprobt. Auch die seit Mitte der 2010er Jahre kontrovers diskutierten Interaktionen mit meist holografierten \u00dcberlebenden-Biografien beruhen bereits auf KI-gest\u00fctzter Spracherkennung.<\/p>\n\n\n\n<p class=\"\">Die Tagung verfolgt das Ziel, technologische Perspektiven, historische Forschung, didaktische \u00dcberlegungen und ethische Fragen miteinander zu verbinden. KI-Anwendungen sollen kritisch reflektiert und zugleich f\u00fcr die historisch-politische Bildungspraxis produktiv gemacht werden: K\u00f6nnen Sprachmodelle und andere KI-Verfahren helfen, Geschichte(n) zug\u00e4nglich zu machen? K\u00f6nnen automatisierte Sprach- und Bilderkennung Vergessenes oder Verdr\u00e4ngtes sichtbar machen? Wie k\u00f6nnen dabei die Transparenz von Datenbasis und Algorithmen sowie die Integrit\u00e4t historischer Quellen bewahrt werden? Welche Rolle spielen KI-Verfahren bei Manipulation oder F\u00e4lschung und welche beim Nachweis derselben?<\/p>\n\n\n\n<p class=\"\">Mit der Diskussion dieser Fragen sollen fundiertes Fachwissen vermittelt, aktuelle KI-Anwendungen kritisch eingeordnet und Perspektiven f\u00fcr eine verantwortungsvolle Nutzung \u2013 oder den bewussten Verzicht auf deren Einsatz \u2013 in der historisch-politischen Bildung entwickelt werden, um, gemeinsam mit den Lernenden, Autor*innen unserer Geschichte(n) zu bleiben.<\/p>\n\n\n\n<p class=\"\">Eine Tagung der Gedenk- und Bildungsst\u00e4tte Haus der Wannsee-Konferenz, in Zusammenarbeit mit dem DAAD Center for German Studies at the Hebrew University of Jerusalem und kulturBdigital, Technologiestiftung Berlin.<br><\/p>\n\n\n\n<p class=\"\"><a href=\"https:\/\/www.ghwk.de\/de\/blog\/schreibt-ki-geschichte\">Mehr Informationen und Programm<\/a><\/p>\n\n\n\n<p class=\"\"><\/p>","protected":false},"excerpt":{"rendered":"<p>Seit der Ver\u00f6ffentlichung des KI-Chatbots \u201cChatGPT\u201d im November 2022 rei\u00dft die Debatte \u00fcber K\u00fcnstliche Intelligenz nicht ab. Die auf Grundlage statistischer Datenanalysen und wahrscheinlichkeitsbasierter Berechnungen erzeugten Muster, Texte und Bilder ber\u00fchren immer st\u00e4rker genuine Arbeitsfelder der Erforschung und Vermittlung von Geschichte. Umso dr\u00e4ngender ist die Auseinandersetzung mit Verfahren der generativen und analytischen KI.&nbsp; Vor diesem [&hellip;]<\/p>\n","protected":false},"author":2,"featured_media":6851,"comment_status":"closed","ping_status":"closed","sticky":true,"template":"","format":"standard","meta":{"nf_dc_page":"","_coblocks_attr":"","_coblocks_dimensions":"","_coblocks_responsive_height":"","_coblocks_accordion_ie_support":"","_FSMCFIC_featured_image_caption":"","_FSMCFIC_featured_image_nocaption":"","_FSMCFIC_featured_image_hide":"","footnotes":""},"categories":[15],"tags":[],"class_list":["post-6849","post","type-post","status-publish","format-standard","has-post-thumbnail","hentry","category-event"],"mb":[],"yoast_head":"<!-- This site is optimized with the Yoast SEO plugin v27.4 - https:\/\/yoast.com\/product\/yoast-seo-wordpress\/ -->\n<title>Roland Meyer\u00a0bei der Tagung \u00abSchreibt KI Geschichte?K\u00fcnstliche Intelligenz in der historisch-politischen Bildung\u00bb - digital cultures and arts<\/title>\n<meta name=\"robots\" content=\"index, follow, max-snippet:-1, max-image-preview:large, max-video-preview:-1\" \/>\n<link rel=\"canonical\" href=\"https:\/\/digitalculturesandarts.ch\/de\/roland-meyer-bei-schreibt-ki-geschichtekunstliche-intelligenz-in-der-historisch-politischen-bildung\/\" \/>\n<meta property=\"og:locale\" content=\"de_DE\" \/>\n<meta property=\"og:type\" content=\"article\" \/>\n<meta property=\"og:title\" content=\"Roland Meyer\u00a0bei der Tagung \u00abSchreibt KI Geschichte?K\u00fcnstliche Intelligenz in der historisch-politischen Bildung\u00bb - digital cultures and arts\" \/>\n<meta property=\"og:description\" content=\"Seit der Ver\u00f6ffentlichung des KI-Chatbots \u201cChatGPT\u201d im November 2022 rei\u00dft die Debatte \u00fcber K\u00fcnstliche Intelligenz nicht ab. Die auf Grundlage statistischer Datenanalysen und wahrscheinlichkeitsbasierter Berechnungen erzeugten Muster, Texte und Bilder ber\u00fchren immer st\u00e4rker genuine Arbeitsfelder der Erforschung und Vermittlung von Geschichte. Umso dr\u00e4ngender ist die Auseinandersetzung mit Verfahren der generativen und analytischen KI.&nbsp; Vor diesem [&hellip;]\" \/>\n<meta property=\"og:url\" content=\"https:\/\/digitalculturesandarts.ch\/de\/roland-meyer-bei-schreibt-ki-geschichtekunstliche-intelligenz-in-der-historisch-politischen-bildung\/\" \/>\n<meta property=\"og:site_name\" content=\"digital cultures and arts\" \/>\n<meta property=\"article:published_time\" content=\"2026-04-27T11:48:53+00:00\" \/>\n<meta property=\"article:modified_time\" content=\"2026-04-27T14:01:06+00:00\" \/>\n<meta property=\"og:image\" content=\"https:\/\/digitalculturesandarts.ch\/wp-content\/uploads\/2026\/04\/duotone-2.png\" \/>\n\t<meta property=\"og:image:width\" content=\"1800\" \/>\n\t<meta property=\"og:image:height\" content=\"900\" \/>\n\t<meta property=\"og:image:type\" content=\"image\/png\" \/>\n<meta name=\"author\" content=\"Lars\" \/>\n<meta name=\"twitter:card\" content=\"summary_large_image\" \/>\n<script type=\"application\/ld+json\" class=\"yoast-schema-graph\">{\"@context\":\"https:\\\/\\\/schema.org\",\"@graph\":[{\"@type\":\"Article\",\"@id\":\"https:\\\/\\\/digitalculturesandarts.ch\\\/roland-meyer-bei-schreibt-ki-geschichtekunstliche-intelligenz-in-der-historisch-politischen-bildung\\\/#article\",\"isPartOf\":{\"@id\":\"https:\\\/\\\/digitalculturesandarts.ch\\\/roland-meyer-bei-schreibt-ki-geschichtekunstliche-intelligenz-in-der-historisch-politischen-bildung\\\/\"},\"author\":{\"name\":\"Lars\",\"@id\":\"https:\\\/\\\/digitalculturesandarts.ch\\\/#\\\/schema\\\/person\\\/294bc711a635d139193f51c0a1cf456a\"},\"headline\":\"Roland Meyer\u00a0bei der Tagung \u00abSchreibt KI Geschichte?K\u00fcnstliche Intelligenz in der historisch-politischen Bildung\u00bb\",\"datePublished\":\"2026-04-27T11:48:53+00:00\",\"dateModified\":\"2026-04-27T14:01:06+00:00\",\"mainEntityOfPage\":{\"@id\":\"https:\\\/\\\/digitalculturesandarts.ch\\\/roland-meyer-bei-schreibt-ki-geschichtekunstliche-intelligenz-in-der-historisch-politischen-bildung\\\/\"},\"wordCount\":367,\"publisher\":{\"@id\":\"https:\\\/\\\/digitalculturesandarts.ch\\\/#organization\"},\"image\":{\"@id\":\"https:\\\/\\\/digitalculturesandarts.ch\\\/roland-meyer-bei-schreibt-ki-geschichtekunstliche-intelligenz-in-der-historisch-politischen-bildung\\\/#primaryimage\"},\"thumbnailUrl\":\"https:\\\/\\\/digitalculturesandarts.ch\\\/wp-content\\\/uploads\\\/2026\\\/04\\\/duotone-2.png\",\"articleSection\":[\"Event\"],\"inLanguage\":\"de-CH\"},{\"@type\":\"WebPage\",\"@id\":\"https:\\\/\\\/digitalculturesandarts.ch\\\/roland-meyer-bei-schreibt-ki-geschichtekunstliche-intelligenz-in-der-historisch-politischen-bildung\\\/\",\"url\":\"https:\\\/\\\/digitalculturesandarts.ch\\\/roland-meyer-bei-schreibt-ki-geschichtekunstliche-intelligenz-in-der-historisch-politischen-bildung\\\/\",\"name\":\"Roland Meyer\u00a0bei der Tagung \u00abSchreibt KI Geschichte?K\u00fcnstliche Intelligenz in der historisch-politischen Bildung\u00bb - digital cultures and arts\",\"isPartOf\":{\"@id\":\"https:\\\/\\\/digitalculturesandarts.ch\\\/#website\"},\"primaryImageOfPage\":{\"@id\":\"https:\\\/\\\/digitalculturesandarts.ch\\\/roland-meyer-bei-schreibt-ki-geschichtekunstliche-intelligenz-in-der-historisch-politischen-bildung\\\/#primaryimage\"},\"image\":{\"@id\":\"https:\\\/\\\/digitalculturesandarts.ch\\\/roland-meyer-bei-schreibt-ki-geschichtekunstliche-intelligenz-in-der-historisch-politischen-bildung\\\/#primaryimage\"},\"thumbnailUrl\":\"https:\\\/\\\/digitalculturesandarts.ch\\\/wp-content\\\/uploads\\\/2026\\\/04\\\/duotone-2.png\",\"datePublished\":\"2026-04-27T11:48:53+00:00\",\"dateModified\":\"2026-04-27T14:01:06+00:00\",\"breadcrumb\":{\"@id\":\"https:\\\/\\\/digitalculturesandarts.ch\\\/roland-meyer-bei-schreibt-ki-geschichtekunstliche-intelligenz-in-der-historisch-politischen-bildung\\\/#breadcrumb\"},\"inLanguage\":\"de-CH\",\"potentialAction\":[{\"@type\":\"ReadAction\",\"target\":[\"https:\\\/\\\/digitalculturesandarts.ch\\\/roland-meyer-bei-schreibt-ki-geschichtekunstliche-intelligenz-in-der-historisch-politischen-bildung\\\/\"]}]},{\"@type\":\"ImageObject\",\"inLanguage\":\"de-CH\",\"@id\":\"https:\\\/\\\/digitalculturesandarts.ch\\\/roland-meyer-bei-schreibt-ki-geschichtekunstliche-intelligenz-in-der-historisch-politischen-bildung\\\/#primaryimage\",\"url\":\"https:\\\/\\\/digitalculturesandarts.ch\\\/wp-content\\\/uploads\\\/2026\\\/04\\\/duotone-2.png\",\"contentUrl\":\"https:\\\/\\\/digitalculturesandarts.ch\\\/wp-content\\\/uploads\\\/2026\\\/04\\\/duotone-2.png\",\"width\":1800,\"height\":900},{\"@type\":\"BreadcrumbList\",\"@id\":\"https:\\\/\\\/digitalculturesandarts.ch\\\/roland-meyer-bei-schreibt-ki-geschichtekunstliche-intelligenz-in-der-historisch-politischen-bildung\\\/#breadcrumb\",\"itemListElement\":[{\"@type\":\"ListItem\",\"position\":1,\"name\":\"Home\",\"item\":\"https:\\\/\\\/digitalculturesandarts.ch\\\/\"},{\"@type\":\"ListItem\",\"position\":2,\"name\":\"Roland Meyer\u00a0bei der Tagung \u00abSchreibt KI Geschichte?K\u00fcnstliche Intelligenz in der historisch-politischen Bildung\u00bb\"}]},{\"@type\":\"WebSite\",\"@id\":\"https:\\\/\\\/digitalculturesandarts.ch\\\/#website\",\"url\":\"https:\\\/\\\/digitalculturesandarts.ch\\\/\",\"name\":\"digital cultures and arts\",\"description\":\"Bridge Professorship between the University of Zurich and Zurich University of the Arts\",\"publisher\":{\"@id\":\"https:\\\/\\\/digitalculturesandarts.ch\\\/#organization\"},\"alternateName\":\"digitale kulturen und k\u00fcnste\",\"potentialAction\":[{\"@type\":\"SearchAction\",\"target\":{\"@type\":\"EntryPoint\",\"urlTemplate\":\"https:\\\/\\\/digitalculturesandarts.ch\\\/?s={search_term_string}\"},\"query-input\":{\"@type\":\"PropertyValueSpecification\",\"valueRequired\":true,\"valueName\":\"search_term_string\"}}],\"inLanguage\":\"de-CH\"},{\"@type\":\"Organization\",\"@id\":\"https:\\\/\\\/digitalculturesandarts.ch\\\/#organization\",\"name\":\"digital cultures and arts\",\"alternateName\":\"digitale kulturen und k\u00fcnste\",\"url\":\"https:\\\/\\\/digitalculturesandarts.ch\\\/\",\"logo\":{\"@type\":\"ImageObject\",\"inLanguage\":\"de-CH\",\"@id\":\"https:\\\/\\\/digitalculturesandarts.ch\\\/#\\\/schema\\\/logo\\\/image\\\/\",\"url\":\"https:\\\/\\\/digitalculturesandarts.ch\\\/wp-content\\\/uploads\\\/2025\\\/04\\\/cropped-col.png\",\"contentUrl\":\"https:\\\/\\\/digitalculturesandarts.ch\\\/wp-content\\\/uploads\\\/2025\\\/04\\\/cropped-col.png\",\"width\":512,\"height\":512,\"caption\":\"digital cultures and arts\"},\"image\":{\"@id\":\"https:\\\/\\\/digitalculturesandarts.ch\\\/#\\\/schema\\\/logo\\\/image\\\/\"},\"sameAs\":[\"https:\\\/\\\/www.instagram.com\\\/digitalculturesandarts\\\/\"]},{\"@type\":\"Person\",\"@id\":\"https:\\\/\\\/digitalculturesandarts.ch\\\/#\\\/schema\\\/person\\\/294bc711a635d139193f51c0a1cf456a\",\"name\":\"Lars\",\"image\":{\"@type\":\"ImageObject\",\"inLanguage\":\"de-CH\",\"@id\":\"https:\\\/\\\/secure.gravatar.com\\\/avatar\\\/f6e722b128afda74ecd5a565b332c1fcb022f1fe25ef4c1d5570b6232a140524?s=96&d=mm&r=g\",\"url\":\"https:\\\/\\\/secure.gravatar.com\\\/avatar\\\/f6e722b128afda74ecd5a565b332c1fcb022f1fe25ef4c1d5570b6232a140524?s=96&d=mm&r=g\",\"contentUrl\":\"https:\\\/\\\/secure.gravatar.com\\\/avatar\\\/f6e722b128afda74ecd5a565b332c1fcb022f1fe25ef4c1d5570b6232a140524?s=96&d=mm&r=g\",\"caption\":\"Lars\"},\"url\":\"https:\\\/\\\/digitalculturesandarts.ch\\\/de\\\/author\\\/admin\\\/\"}]}<\/script>\n<!-- \/ Yoast SEO plugin. -->","yoast_head_json":{"title":"Roland Meyer\u00a0bei der Tagung \u00abSchreibt KI Geschichte?K\u00fcnstliche Intelligenz in der historisch-politischen Bildung\u00bb - digital cultures and arts","robots":{"index":"index","follow":"follow","max-snippet":"max-snippet:-1","max-image-preview":"max-image-preview:large","max-video-preview":"max-video-preview:-1"},"canonical":"https:\/\/digitalculturesandarts.ch\/de\/roland-meyer-bei-schreibt-ki-geschichtekunstliche-intelligenz-in-der-historisch-politischen-bildung\/","og_locale":"de_DE","og_type":"article","og_title":"Roland Meyer\u00a0bei der Tagung \u00abSchreibt KI Geschichte?K\u00fcnstliche Intelligenz in der historisch-politischen Bildung\u00bb - digital cultures and arts","og_description":"Seit der Ver\u00f6ffentlichung des KI-Chatbots \u201cChatGPT\u201d im November 2022 rei\u00dft die Debatte \u00fcber K\u00fcnstliche Intelligenz nicht ab. Die auf Grundlage statistischer Datenanalysen und wahrscheinlichkeitsbasierter Berechnungen erzeugten Muster, Texte und Bilder ber\u00fchren immer st\u00e4rker genuine Arbeitsfelder der Erforschung und Vermittlung von Geschichte. Umso dr\u00e4ngender ist die Auseinandersetzung mit Verfahren der generativen und analytischen KI.&nbsp; Vor diesem [&hellip;]","og_url":"https:\/\/digitalculturesandarts.ch\/de\/roland-meyer-bei-schreibt-ki-geschichtekunstliche-intelligenz-in-der-historisch-politischen-bildung\/","og_site_name":"digital cultures and arts","article_published_time":"2026-04-27T11:48:53+00:00","article_modified_time":"2026-04-27T14:01:06+00:00","og_image":[{"width":1800,"height":900,"url":"https:\/\/digitalculturesandarts.ch\/wp-content\/uploads\/2026\/04\/duotone-2.png","type":"image\/png"}],"author":"Lars","twitter_card":"summary_large_image","schema":{"@context":"https:\/\/schema.org","@graph":[{"@type":"Article","@id":"https:\/\/digitalculturesandarts.ch\/roland-meyer-bei-schreibt-ki-geschichtekunstliche-intelligenz-in-der-historisch-politischen-bildung\/#article","isPartOf":{"@id":"https:\/\/digitalculturesandarts.ch\/roland-meyer-bei-schreibt-ki-geschichtekunstliche-intelligenz-in-der-historisch-politischen-bildung\/"},"author":{"name":"Lars","@id":"https:\/\/digitalculturesandarts.ch\/#\/schema\/person\/294bc711a635d139193f51c0a1cf456a"},"headline":"Roland Meyer\u00a0bei der Tagung \u00abSchreibt KI Geschichte?K\u00fcnstliche Intelligenz in der historisch-politischen Bildung\u00bb","datePublished":"2026-04-27T11:48:53+00:00","dateModified":"2026-04-27T14:01:06+00:00","mainEntityOfPage":{"@id":"https:\/\/digitalculturesandarts.ch\/roland-meyer-bei-schreibt-ki-geschichtekunstliche-intelligenz-in-der-historisch-politischen-bildung\/"},"wordCount":367,"publisher":{"@id":"https:\/\/digitalculturesandarts.ch\/#organization"},"image":{"@id":"https:\/\/digitalculturesandarts.ch\/roland-meyer-bei-schreibt-ki-geschichtekunstliche-intelligenz-in-der-historisch-politischen-bildung\/#primaryimage"},"thumbnailUrl":"https:\/\/digitalculturesandarts.ch\/wp-content\/uploads\/2026\/04\/duotone-2.png","articleSection":["Event"],"inLanguage":"de-CH"},{"@type":"WebPage","@id":"https:\/\/digitalculturesandarts.ch\/roland-meyer-bei-schreibt-ki-geschichtekunstliche-intelligenz-in-der-historisch-politischen-bildung\/","url":"https:\/\/digitalculturesandarts.ch\/roland-meyer-bei-schreibt-ki-geschichtekunstliche-intelligenz-in-der-historisch-politischen-bildung\/","name":"Roland Meyer\u00a0bei der Tagung \u00abSchreibt KI Geschichte?K\u00fcnstliche Intelligenz in der historisch-politischen Bildung\u00bb - digital cultures and arts","isPartOf":{"@id":"https:\/\/digitalculturesandarts.ch\/#website"},"primaryImageOfPage":{"@id":"https:\/\/digitalculturesandarts.ch\/roland-meyer-bei-schreibt-ki-geschichtekunstliche-intelligenz-in-der-historisch-politischen-bildung\/#primaryimage"},"image":{"@id":"https:\/\/digitalculturesandarts.ch\/roland-meyer-bei-schreibt-ki-geschichtekunstliche-intelligenz-in-der-historisch-politischen-bildung\/#primaryimage"},"thumbnailUrl":"https:\/\/digitalculturesandarts.ch\/wp-content\/uploads\/2026\/04\/duotone-2.png","datePublished":"2026-04-27T11:48:53+00:00","dateModified":"2026-04-27T14:01:06+00:00","breadcrumb":{"@id":"https:\/\/digitalculturesandarts.ch\/roland-meyer-bei-schreibt-ki-geschichtekunstliche-intelligenz-in-der-historisch-politischen-bildung\/#breadcrumb"},"inLanguage":"de-CH","potentialAction":[{"@type":"ReadAction","target":["https:\/\/digitalculturesandarts.ch\/roland-meyer-bei-schreibt-ki-geschichtekunstliche-intelligenz-in-der-historisch-politischen-bildung\/"]}]},{"@type":"ImageObject","inLanguage":"de-CH","@id":"https:\/\/digitalculturesandarts.ch\/roland-meyer-bei-schreibt-ki-geschichtekunstliche-intelligenz-in-der-historisch-politischen-bildung\/#primaryimage","url":"https:\/\/digitalculturesandarts.ch\/wp-content\/uploads\/2026\/04\/duotone-2.png","contentUrl":"https:\/\/digitalculturesandarts.ch\/wp-content\/uploads\/2026\/04\/duotone-2.png","width":1800,"height":900},{"@type":"BreadcrumbList","@id":"https:\/\/digitalculturesandarts.ch\/roland-meyer-bei-schreibt-ki-geschichtekunstliche-intelligenz-in-der-historisch-politischen-bildung\/#breadcrumb","itemListElement":[{"@type":"ListItem","position":1,"name":"Home","item":"https:\/\/digitalculturesandarts.ch\/"},{"@type":"ListItem","position":2,"name":"Roland Meyer\u00a0bei der Tagung \u00abSchreibt KI Geschichte?K\u00fcnstliche Intelligenz in der historisch-politischen Bildung\u00bb"}]},{"@type":"WebSite","@id":"https:\/\/digitalculturesandarts.ch\/#website","url":"https:\/\/digitalculturesandarts.ch\/","name":"digitale kulturen und k\u00fcnste","description":"Bridge Professorship between the University of Zurich and Zurich University of the Arts","publisher":{"@id":"https:\/\/digitalculturesandarts.ch\/#organization"},"alternateName":"digitale kulturen und k\u00fcnste","potentialAction":[{"@type":"SearchAction","target":{"@type":"EntryPoint","urlTemplate":"https:\/\/digitalculturesandarts.ch\/?s={search_term_string}"},"query-input":{"@type":"PropertyValueSpecification","valueRequired":true,"valueName":"search_term_string"}}],"inLanguage":"de-CH"},{"@type":"Organization","@id":"https:\/\/digitalculturesandarts.ch\/#organization","name":"digitale kulturen und k\u00fcnste","alternateName":"digitale kulturen und k\u00fcnste","url":"https:\/\/digitalculturesandarts.ch\/","logo":{"@type":"ImageObject","inLanguage":"de-CH","@id":"https:\/\/digitalculturesandarts.ch\/#\/schema\/logo\/image\/","url":"https:\/\/digitalculturesandarts.ch\/wp-content\/uploads\/2025\/04\/cropped-col.png","contentUrl":"https:\/\/digitalculturesandarts.ch\/wp-content\/uploads\/2025\/04\/cropped-col.png","width":512,"height":512,"caption":"digital cultures and arts"},"image":{"@id":"https:\/\/digitalculturesandarts.ch\/#\/schema\/logo\/image\/"},"sameAs":["https:\/\/www.instagram.com\/digitalculturesandarts\/"]},{"@type":"Person","@id":"https:\/\/digitalculturesandarts.ch\/#\/schema\/person\/294bc711a635d139193f51c0a1cf456a","name":"Lars","image":{"@type":"ImageObject","inLanguage":"de-CH","@id":"https:\/\/secure.gravatar.com\/avatar\/f6e722b128afda74ecd5a565b332c1fcb022f1fe25ef4c1d5570b6232a140524?s=96&d=mm&r=g","url":"https:\/\/secure.gravatar.com\/avatar\/f6e722b128afda74ecd5a565b332c1fcb022f1fe25ef4c1d5570b6232a140524?s=96&d=mm&r=g","contentUrl":"https:\/\/secure.gravatar.com\/avatar\/f6e722b128afda74ecd5a565b332c1fcb022f1fe25ef4c1d5570b6232a140524?s=96&d=mm&r=g","caption":"Lars"},"url":"https:\/\/digitalculturesandarts.ch\/de\/author\/admin\/"}]}},"mfb_rest_fields":["title","yoast_head","yoast_head_json"],"_links":{"self":[{"href":"https:\/\/digitalculturesandarts.ch\/de\/wp-json\/wp\/v2\/posts\/6849","targetHints":{"allow":["GET"]}}],"collection":[{"href":"https:\/\/digitalculturesandarts.ch\/de\/wp-json\/wp\/v2\/posts"}],"about":[{"href":"https:\/\/digitalculturesandarts.ch\/de\/wp-json\/wp\/v2\/types\/post"}],"author":[{"embeddable":true,"href":"https:\/\/digitalculturesandarts.ch\/de\/wp-json\/wp\/v2\/users\/2"}],"replies":[{"embeddable":true,"href":"https:\/\/digitalculturesandarts.ch\/de\/wp-json\/wp\/v2\/comments?post=6849"}],"version-history":[{"count":2,"href":"https:\/\/digitalculturesandarts.ch\/de\/wp-json\/wp\/v2\/posts\/6849\/revisions"}],"predecessor-version":[{"id":6853,"href":"https:\/\/digitalculturesandarts.ch\/de\/wp-json\/wp\/v2\/posts\/6849\/revisions\/6853"}],"wp:featuredmedia":[{"embeddable":true,"href":"https:\/\/digitalculturesandarts.ch\/de\/wp-json\/wp\/v2\/media\/6851"}],"wp:attachment":[{"href":"https:\/\/digitalculturesandarts.ch\/de\/wp-json\/wp\/v2\/media?parent=6849"}],"wp:term":[{"taxonomy":"category","embeddable":true,"href":"https:\/\/digitalculturesandarts.ch\/de\/wp-json\/wp\/v2\/categories?post=6849"},{"taxonomy":"post_tag","embeddable":true,"href":"https:\/\/digitalculturesandarts.ch\/de\/wp-json\/wp\/v2\/tags?post=6849"}],"curies":[{"name":"wp","href":"https:\/\/api.w.org\/{rel}","templated":true}]}}