{"id":6833,"date":"2026-04-27T13:24:12","date_gmt":"2026-04-27T13:24:12","guid":{"rendered":"https:\/\/digitalculturesandarts.ch\/?p=6833"},"modified":"2026-04-27T13:26:13","modified_gmt":"2026-04-27T13:26:13","slug":"willkommen-till-ruckwart-una-europa-forschungsaufenthalt-an-der-bruckenprofessur","status":"publish","type":"post","link":"https:\/\/digitalculturesandarts.ch\/de\/willkommen-till-ruckwart-una-europa-forschungsaufenthalt-an-der-bruckenprofessur\/","title":{"rendered":"Welcome, Till R\u00fcckwart! \u2014 Una Europa Research Visit at the Bridge Professorship"},"content":{"rendered":"<p class=\"\">Till R\u00fcckwart will be a visiting scholar at Digital Cultures and Arts from April 15 to May 13 through a Una Europa research fellowship. During his stay, he will actively participate in research and teaching activities at the Bridge Professorship. Concurrently, he will be working on a subproject of his dissertation, which examines the relationship between bugs, platforms, and AI systems from the perspectives of artistic research and media and cultural studies.\u00a0<\/p>\n\n\n\n<p class=\"translation-block\">In his project, he advocates for a radical rethinking of the concept of the computer bug. Starting from a genealogy of the term \u201cbug\u201d and its application in technologies, he analyzes, among other things, current developments on digital platforms as well as practices in the training process of machine learning systems. Building on this, he develops a methodological perspective conceiving of bugs not solely as errors to be fixed, but as an opening for critical and subversive practices. Instead of traditional bug fixing, he proposes \u201cbug attunement\u201das an anti-institutional practice through which users can respond to implicitly harmful and discriminatory platform operations. In the context of his subproject, he experiments with alternative methods designed to protect video content from delegitimization strategies and unauthorized recontextualization on platforms.<\/p>\n\n\n\n<p class=\"\"><a href=\"https:\/\/www.geisteswissenschaften.fu-berlin.de\/we07\/kultur-medien\/mitarbeiter-innen\/wimi\/rueckwart\/index.html\">Till\u00a0R\u00fcckwart<\/a>\u00a0is a research associate at the Division of Culture and Media Management of the Institute for Theater Studies at Freie Universit\u00e4t Berlin and a member of metaLAB (at) Berlin.<\/p>\n\n\n\n<p class=\"\"><\/p>","protected":false},"excerpt":{"rendered":"<p>Im Rahmen eines Forschungsstipendiums von Una Europa, ist\u00a0Till\u00a0R\u00fcckwart\u00a0vom 15. April bis 13. Mai zu Gast bei Digital Cultures and Arts. W\u00e4hrend des Aufenthalts wird er sich aktiv in den Forschungs- und Lehralltag an der Br\u00fcckenprofessur einbringen. Parallel widmet er sich einem Teilprojekt seiner Dissertation, die das Verh\u00e4ltnis von Bugs, Plattformen und KI-Systemen aus einer k\u00fcnstlerisch [&hellip;]<\/p>\n","protected":false},"author":2,"featured_media":6837,"comment_status":"closed","ping_status":"closed","sticky":false,"template":"","format":"standard","meta":{"nf_dc_page":"","_coblocks_attr":"","_coblocks_dimensions":"","_coblocks_responsive_height":"","_coblocks_accordion_ie_support":"","_FSMCFIC_featured_image_caption":"","_FSMCFIC_featured_image_nocaption":"","_FSMCFIC_featured_image_hide":"","footnotes":""},"categories":[16],"tags":[],"class_list":["post-6833","post","type-post","status-publish","format-standard","has-post-thumbnail","hentry","category-news"],"mb":[],"yoast_head":"<!-- This site is optimized with the Yoast SEO plugin v27.4 - https:\/\/yoast.com\/product\/yoast-seo-wordpress\/ -->\n<title>Willkommen, Till R\u00fcckwart! \u2014 Una Europa Forschungsaufenthalt an der Br\u00fcckenprofessur - digital cultures and arts<\/title>\n<meta name=\"robots\" content=\"index, follow, max-snippet:-1, max-image-preview:large, max-video-preview:-1\" \/>\n<link rel=\"canonical\" href=\"https:\/\/digitalculturesandarts.ch\/de\/willkommen-till-ruckwart-una-europa-forschungsaufenthalt-an-der-bruckenprofessur\/\" \/>\n<meta property=\"og:locale\" content=\"de_DE\" \/>\n<meta property=\"og:type\" content=\"article\" \/>\n<meta property=\"og:title\" content=\"Willkommen, Till R\u00fcckwart! \u2014 Una Europa Forschungsaufenthalt an der Br\u00fcckenprofessur - digital cultures and arts\" \/>\n<meta property=\"og:description\" content=\"Im Rahmen eines Forschungsstipendiums von Una Europa, ist\u00a0Till\u00a0R\u00fcckwart\u00a0vom 15. April bis 13. Mai zu Gast bei Digital Cultures and Arts. W\u00e4hrend des Aufenthalts wird er sich aktiv in den Forschungs- und Lehralltag an der Br\u00fcckenprofessur einbringen. Parallel widmet er sich einem Teilprojekt seiner Dissertation, die das Verh\u00e4ltnis von Bugs, Plattformen und KI-Systemen aus einer k\u00fcnstlerisch [&hellip;]\" \/>\n<meta property=\"og:url\" content=\"https:\/\/digitalculturesandarts.ch\/de\/willkommen-till-ruckwart-una-europa-forschungsaufenthalt-an-der-bruckenprofessur\/\" \/>\n<meta property=\"og:site_name\" content=\"digital cultures and arts\" \/>\n<meta property=\"article:published_time\" content=\"2026-04-27T13:24:12+00:00\" \/>\n<meta property=\"article:modified_time\" content=\"2026-04-27T13:26:13+00:00\" \/>\n<meta property=\"og:image\" content=\"https:\/\/digitalculturesandarts.ch\/wp-content\/uploads\/2026\/04\/duotone-1.png\" \/>\n\t<meta property=\"og:image:width\" content=\"1080\" \/>\n\t<meta property=\"og:image:height\" content=\"1009\" \/>\n\t<meta property=\"og:image:type\" content=\"image\/png\" \/>\n<meta name=\"author\" content=\"Lars\" \/>\n<meta name=\"twitter:card\" content=\"summary_large_image\" \/>\n<script type=\"application\/ld+json\" class=\"yoast-schema-graph\">{\"@context\":\"https:\\\/\\\/schema.org\",\"@graph\":[{\"@type\":\"Article\",\"@id\":\"https:\\\/\\\/digitalculturesandarts.ch\\\/willkommen-till-ruckwart-una-europa-forschungsaufenthalt-an-der-bruckenprofessur\\\/#article\",\"isPartOf\":{\"@id\":\"https:\\\/\\\/digitalculturesandarts.ch\\\/willkommen-till-ruckwart-una-europa-forschungsaufenthalt-an-der-bruckenprofessur\\\/\"},\"author\":{\"name\":\"Lars\",\"@id\":\"https:\\\/\\\/digitalculturesandarts.ch\\\/#\\\/schema\\\/person\\\/294bc711a635d139193f51c0a1cf456a\"},\"headline\":\"Willkommen, Till R\u00fcckwart! \u2014 Una Europa Forschungsaufenthalt an der Br\u00fcckenprofessur\",\"datePublished\":\"2026-04-27T13:24:12+00:00\",\"dateModified\":\"2026-04-27T13:26:13+00:00\",\"mainEntityOfPage\":{\"@id\":\"https:\\\/\\\/digitalculturesandarts.ch\\\/willkommen-till-ruckwart-una-europa-forschungsaufenthalt-an-der-bruckenprofessur\\\/\"},\"wordCount\":232,\"publisher\":{\"@id\":\"https:\\\/\\\/digitalculturesandarts.ch\\\/#organization\"},\"image\":{\"@id\":\"https:\\\/\\\/digitalculturesandarts.ch\\\/willkommen-till-ruckwart-una-europa-forschungsaufenthalt-an-der-bruckenprofessur\\\/#primaryimage\"},\"thumbnailUrl\":\"https:\\\/\\\/digitalculturesandarts.ch\\\/wp-content\\\/uploads\\\/2026\\\/04\\\/duotone-1.png\",\"articleSection\":[\"News\"],\"inLanguage\":\"de-CH\"},{\"@type\":\"WebPage\",\"@id\":\"https:\\\/\\\/digitalculturesandarts.ch\\\/willkommen-till-ruckwart-una-europa-forschungsaufenthalt-an-der-bruckenprofessur\\\/\",\"url\":\"https:\\\/\\\/digitalculturesandarts.ch\\\/willkommen-till-ruckwart-una-europa-forschungsaufenthalt-an-der-bruckenprofessur\\\/\",\"name\":\"Willkommen, Till R\u00fcckwart! \u2014 Una Europa Forschungsaufenthalt an der Br\u00fcckenprofessur - digital cultures and arts\",\"isPartOf\":{\"@id\":\"https:\\\/\\\/digitalculturesandarts.ch\\\/#website\"},\"primaryImageOfPage\":{\"@id\":\"https:\\\/\\\/digitalculturesandarts.ch\\\/willkommen-till-ruckwart-una-europa-forschungsaufenthalt-an-der-bruckenprofessur\\\/#primaryimage\"},\"image\":{\"@id\":\"https:\\\/\\\/digitalculturesandarts.ch\\\/willkommen-till-ruckwart-una-europa-forschungsaufenthalt-an-der-bruckenprofessur\\\/#primaryimage\"},\"thumbnailUrl\":\"https:\\\/\\\/digitalculturesandarts.ch\\\/wp-content\\\/uploads\\\/2026\\\/04\\\/duotone-1.png\",\"datePublished\":\"2026-04-27T13:24:12+00:00\",\"dateModified\":\"2026-04-27T13:26:13+00:00\",\"breadcrumb\":{\"@id\":\"https:\\\/\\\/digitalculturesandarts.ch\\\/willkommen-till-ruckwart-una-europa-forschungsaufenthalt-an-der-bruckenprofessur\\\/#breadcrumb\"},\"inLanguage\":\"de-CH\",\"potentialAction\":[{\"@type\":\"ReadAction\",\"target\":[\"https:\\\/\\\/digitalculturesandarts.ch\\\/willkommen-till-ruckwart-una-europa-forschungsaufenthalt-an-der-bruckenprofessur\\\/\"]}]},{\"@type\":\"ImageObject\",\"inLanguage\":\"de-CH\",\"@id\":\"https:\\\/\\\/digitalculturesandarts.ch\\\/willkommen-till-ruckwart-una-europa-forschungsaufenthalt-an-der-bruckenprofessur\\\/#primaryimage\",\"url\":\"https:\\\/\\\/digitalculturesandarts.ch\\\/wp-content\\\/uploads\\\/2026\\\/04\\\/duotone-1.png\",\"contentUrl\":\"https:\\\/\\\/digitalculturesandarts.ch\\\/wp-content\\\/uploads\\\/2026\\\/04\\\/duotone-1.png\",\"width\":1080,\"height\":1009},{\"@type\":\"BreadcrumbList\",\"@id\":\"https:\\\/\\\/digitalculturesandarts.ch\\\/willkommen-till-ruckwart-una-europa-forschungsaufenthalt-an-der-bruckenprofessur\\\/#breadcrumb\",\"itemListElement\":[{\"@type\":\"ListItem\",\"position\":1,\"name\":\"Home\",\"item\":\"https:\\\/\\\/digitalculturesandarts.ch\\\/\"},{\"@type\":\"ListItem\",\"position\":2,\"name\":\"Willkommen, Till R\u00fcckwart! \u2014 Una Europa Forschungsaufenthalt an der Br\u00fcckenprofessur\"}]},{\"@type\":\"WebSite\",\"@id\":\"https:\\\/\\\/digitalculturesandarts.ch\\\/#website\",\"url\":\"https:\\\/\\\/digitalculturesandarts.ch\\\/\",\"name\":\"digital cultures and arts\",\"description\":\"Bridge Professorship between the University of Zurich and Zurich University of the Arts\",\"publisher\":{\"@id\":\"https:\\\/\\\/digitalculturesandarts.ch\\\/#organization\"},\"alternateName\":\"digitale kulturen und k\u00fcnste\",\"potentialAction\":[{\"@type\":\"SearchAction\",\"target\":{\"@type\":\"EntryPoint\",\"urlTemplate\":\"https:\\\/\\\/digitalculturesandarts.ch\\\/?s={search_term_string}\"},\"query-input\":{\"@type\":\"PropertyValueSpecification\",\"valueRequired\":true,\"valueName\":\"search_term_string\"}}],\"inLanguage\":\"de-CH\"},{\"@type\":\"Organization\",\"@id\":\"https:\\\/\\\/digitalculturesandarts.ch\\\/#organization\",\"name\":\"digital cultures and arts\",\"alternateName\":\"digitale kulturen und k\u00fcnste\",\"url\":\"https:\\\/\\\/digitalculturesandarts.ch\\\/\",\"logo\":{\"@type\":\"ImageObject\",\"inLanguage\":\"de-CH\",\"@id\":\"https:\\\/\\\/digitalculturesandarts.ch\\\/#\\\/schema\\\/logo\\\/image\\\/\",\"url\":\"https:\\\/\\\/digitalculturesandarts.ch\\\/wp-content\\\/uploads\\\/2025\\\/04\\\/cropped-col.png\",\"contentUrl\":\"https:\\\/\\\/digitalculturesandarts.ch\\\/wp-content\\\/uploads\\\/2025\\\/04\\\/cropped-col.png\",\"width\":512,\"height\":512,\"caption\":\"digital cultures and arts\"},\"image\":{\"@id\":\"https:\\\/\\\/digitalculturesandarts.ch\\\/#\\\/schema\\\/logo\\\/image\\\/\"},\"sameAs\":[\"https:\\\/\\\/www.instagram.com\\\/digitalculturesandarts\\\/\"]},{\"@type\":\"Person\",\"@id\":\"https:\\\/\\\/digitalculturesandarts.ch\\\/#\\\/schema\\\/person\\\/294bc711a635d139193f51c0a1cf456a\",\"name\":\"Lars\",\"image\":{\"@type\":\"ImageObject\",\"inLanguage\":\"de-CH\",\"@id\":\"https:\\\/\\\/secure.gravatar.com\\\/avatar\\\/f6e722b128afda74ecd5a565b332c1fcb022f1fe25ef4c1d5570b6232a140524?s=96&d=mm&r=g\",\"url\":\"https:\\\/\\\/secure.gravatar.com\\\/avatar\\\/f6e722b128afda74ecd5a565b332c1fcb022f1fe25ef4c1d5570b6232a140524?s=96&d=mm&r=g\",\"contentUrl\":\"https:\\\/\\\/secure.gravatar.com\\\/avatar\\\/f6e722b128afda74ecd5a565b332c1fcb022f1fe25ef4c1d5570b6232a140524?s=96&d=mm&r=g\",\"caption\":\"Lars\"},\"url\":\"https:\\\/\\\/digitalculturesandarts.ch\\\/de\\\/author\\\/admin\\\/\"}]}<\/script>\n<!-- \/ Yoast SEO plugin. -->","yoast_head_json":{"title":"Willkommen, Till R\u00fcckwart! \u2014 Una Europa Forschungsaufenthalt an der Br\u00fcckenprofessur - digital cultures and arts","robots":{"index":"index","follow":"follow","max-snippet":"max-snippet:-1","max-image-preview":"max-image-preview:large","max-video-preview":"max-video-preview:-1"},"canonical":"https:\/\/digitalculturesandarts.ch\/de\/willkommen-till-ruckwart-una-europa-forschungsaufenthalt-an-der-bruckenprofessur\/","og_locale":"de_DE","og_type":"article","og_title":"Willkommen, Till R\u00fcckwart! \u2014 Una Europa Forschungsaufenthalt an der Br\u00fcckenprofessur - digital cultures and arts","og_description":"Im Rahmen eines Forschungsstipendiums von Una Europa, ist\u00a0Till\u00a0R\u00fcckwart\u00a0vom 15. April bis 13. Mai zu Gast bei Digital Cultures and Arts. W\u00e4hrend des Aufenthalts wird er sich aktiv in den Forschungs- und Lehralltag an der Br\u00fcckenprofessur einbringen. Parallel widmet er sich einem Teilprojekt seiner Dissertation, die das Verh\u00e4ltnis von Bugs, Plattformen und KI-Systemen aus einer k\u00fcnstlerisch [&hellip;]","og_url":"https:\/\/digitalculturesandarts.ch\/de\/willkommen-till-ruckwart-una-europa-forschungsaufenthalt-an-der-bruckenprofessur\/","og_site_name":"digital cultures and arts","article_published_time":"2026-04-27T13:24:12+00:00","article_modified_time":"2026-04-27T13:26:13+00:00","og_image":[{"width":1080,"height":1009,"url":"https:\/\/digitalculturesandarts.ch\/wp-content\/uploads\/2026\/04\/duotone-1.png","type":"image\/png"}],"author":"Lars","twitter_card":"summary_large_image","schema":{"@context":"https:\/\/schema.org","@graph":[{"@type":"Article","@id":"https:\/\/digitalculturesandarts.ch\/willkommen-till-ruckwart-una-europa-forschungsaufenthalt-an-der-bruckenprofessur\/#article","isPartOf":{"@id":"https:\/\/digitalculturesandarts.ch\/willkommen-till-ruckwart-una-europa-forschungsaufenthalt-an-der-bruckenprofessur\/"},"author":{"name":"Lars","@id":"https:\/\/digitalculturesandarts.ch\/#\/schema\/person\/294bc711a635d139193f51c0a1cf456a"},"headline":"Willkommen, Till R\u00fcckwart! \u2014 Una Europa Forschungsaufenthalt an der Br\u00fcckenprofessur","datePublished":"2026-04-27T13:24:12+00:00","dateModified":"2026-04-27T13:26:13+00:00","mainEntityOfPage":{"@id":"https:\/\/digitalculturesandarts.ch\/willkommen-till-ruckwart-una-europa-forschungsaufenthalt-an-der-bruckenprofessur\/"},"wordCount":232,"publisher":{"@id":"https:\/\/digitalculturesandarts.ch\/#organization"},"image":{"@id":"https:\/\/digitalculturesandarts.ch\/willkommen-till-ruckwart-una-europa-forschungsaufenthalt-an-der-bruckenprofessur\/#primaryimage"},"thumbnailUrl":"https:\/\/digitalculturesandarts.ch\/wp-content\/uploads\/2026\/04\/duotone-1.png","articleSection":["News"],"inLanguage":"de-CH"},{"@type":"WebPage","@id":"https:\/\/digitalculturesandarts.ch\/willkommen-till-ruckwart-una-europa-forschungsaufenthalt-an-der-bruckenprofessur\/","url":"https:\/\/digitalculturesandarts.ch\/willkommen-till-ruckwart-una-europa-forschungsaufenthalt-an-der-bruckenprofessur\/","name":"Willkommen, Till R\u00fcckwart! \u2014 Una Europa Forschungsaufenthalt an der Br\u00fcckenprofessur - digital cultures and arts","isPartOf":{"@id":"https:\/\/digitalculturesandarts.ch\/#website"},"primaryImageOfPage":{"@id":"https:\/\/digitalculturesandarts.ch\/willkommen-till-ruckwart-una-europa-forschungsaufenthalt-an-der-bruckenprofessur\/#primaryimage"},"image":{"@id":"https:\/\/digitalculturesandarts.ch\/willkommen-till-ruckwart-una-europa-forschungsaufenthalt-an-der-bruckenprofessur\/#primaryimage"},"thumbnailUrl":"https:\/\/digitalculturesandarts.ch\/wp-content\/uploads\/2026\/04\/duotone-1.png","datePublished":"2026-04-27T13:24:12+00:00","dateModified":"2026-04-27T13:26:13+00:00","breadcrumb":{"@id":"https:\/\/digitalculturesandarts.ch\/willkommen-till-ruckwart-una-europa-forschungsaufenthalt-an-der-bruckenprofessur\/#breadcrumb"},"inLanguage":"de-CH","potentialAction":[{"@type":"ReadAction","target":["https:\/\/digitalculturesandarts.ch\/willkommen-till-ruckwart-una-europa-forschungsaufenthalt-an-der-bruckenprofessur\/"]}]},{"@type":"ImageObject","inLanguage":"de-CH","@id":"https:\/\/digitalculturesandarts.ch\/willkommen-till-ruckwart-una-europa-forschungsaufenthalt-an-der-bruckenprofessur\/#primaryimage","url":"https:\/\/digitalculturesandarts.ch\/wp-content\/uploads\/2026\/04\/duotone-1.png","contentUrl":"https:\/\/digitalculturesandarts.ch\/wp-content\/uploads\/2026\/04\/duotone-1.png","width":1080,"height":1009},{"@type":"BreadcrumbList","@id":"https:\/\/digitalculturesandarts.ch\/willkommen-till-ruckwart-una-europa-forschungsaufenthalt-an-der-bruckenprofessur\/#breadcrumb","itemListElement":[{"@type":"ListItem","position":1,"name":"Home","item":"https:\/\/digitalculturesandarts.ch\/"},{"@type":"ListItem","position":2,"name":"Willkommen, Till R\u00fcckwart! \u2014 Una Europa Forschungsaufenthalt an der Br\u00fcckenprofessur"}]},{"@type":"WebSite","@id":"https:\/\/digitalculturesandarts.ch\/#website","url":"https:\/\/digitalculturesandarts.ch\/","name":"digitale kulturen und k\u00fcnste","description":"Bridge Professorship between the University of Zurich and Zurich University of the Arts","publisher":{"@id":"https:\/\/digitalculturesandarts.ch\/#organization"},"alternateName":"digitale kulturen und k\u00fcnste","potentialAction":[{"@type":"SearchAction","target":{"@type":"EntryPoint","urlTemplate":"https:\/\/digitalculturesandarts.ch\/?s={search_term_string}"},"query-input":{"@type":"PropertyValueSpecification","valueRequired":true,"valueName":"search_term_string"}}],"inLanguage":"de-CH"},{"@type":"Organization","@id":"https:\/\/digitalculturesandarts.ch\/#organization","name":"digitale kulturen und k\u00fcnste","alternateName":"digitale kulturen und k\u00fcnste","url":"https:\/\/digitalculturesandarts.ch\/","logo":{"@type":"ImageObject","inLanguage":"de-CH","@id":"https:\/\/digitalculturesandarts.ch\/#\/schema\/logo\/image\/","url":"https:\/\/digitalculturesandarts.ch\/wp-content\/uploads\/2025\/04\/cropped-col.png","contentUrl":"https:\/\/digitalculturesandarts.ch\/wp-content\/uploads\/2025\/04\/cropped-col.png","width":512,"height":512,"caption":"digital cultures and arts"},"image":{"@id":"https:\/\/digitalculturesandarts.ch\/#\/schema\/logo\/image\/"},"sameAs":["https:\/\/www.instagram.com\/digitalculturesandarts\/"]},{"@type":"Person","@id":"https:\/\/digitalculturesandarts.ch\/#\/schema\/person\/294bc711a635d139193f51c0a1cf456a","name":"Lars","image":{"@type":"ImageObject","inLanguage":"de-CH","@id":"https:\/\/secure.gravatar.com\/avatar\/f6e722b128afda74ecd5a565b332c1fcb022f1fe25ef4c1d5570b6232a140524?s=96&d=mm&r=g","url":"https:\/\/secure.gravatar.com\/avatar\/f6e722b128afda74ecd5a565b332c1fcb022f1fe25ef4c1d5570b6232a140524?s=96&d=mm&r=g","contentUrl":"https:\/\/secure.gravatar.com\/avatar\/f6e722b128afda74ecd5a565b332c1fcb022f1fe25ef4c1d5570b6232a140524?s=96&d=mm&r=g","caption":"Lars"},"url":"https:\/\/digitalculturesandarts.ch\/de\/author\/admin\/"}]}},"mfb_rest_fields":["title","yoast_head","yoast_head_json"],"_links":{"self":[{"href":"https:\/\/digitalculturesandarts.ch\/de\/wp-json\/wp\/v2\/posts\/6833","targetHints":{"allow":["GET"]}}],"collection":[{"href":"https:\/\/digitalculturesandarts.ch\/de\/wp-json\/wp\/v2\/posts"}],"about":[{"href":"https:\/\/digitalculturesandarts.ch\/de\/wp-json\/wp\/v2\/types\/post"}],"author":[{"embeddable":true,"href":"https:\/\/digitalculturesandarts.ch\/de\/wp-json\/wp\/v2\/users\/2"}],"replies":[{"embeddable":true,"href":"https:\/\/digitalculturesandarts.ch\/de\/wp-json\/wp\/v2\/comments?post=6833"}],"version-history":[{"count":5,"href":"https:\/\/digitalculturesandarts.ch\/de\/wp-json\/wp\/v2\/posts\/6833\/revisions"}],"predecessor-version":[{"id":6841,"href":"https:\/\/digitalculturesandarts.ch\/de\/wp-json\/wp\/v2\/posts\/6833\/revisions\/6841"}],"wp:featuredmedia":[{"embeddable":true,"href":"https:\/\/digitalculturesandarts.ch\/de\/wp-json\/wp\/v2\/media\/6837"}],"wp:attachment":[{"href":"https:\/\/digitalculturesandarts.ch\/de\/wp-json\/wp\/v2\/media?parent=6833"}],"wp:term":[{"taxonomy":"category","embeddable":true,"href":"https:\/\/digitalculturesandarts.ch\/de\/wp-json\/wp\/v2\/categories?post=6833"},{"taxonomy":"post_tag","embeddable":true,"href":"https:\/\/digitalculturesandarts.ch\/de\/wp-json\/wp\/v2\/tags?post=6833"}],"curies":[{"name":"wp","href":"https:\/\/api.w.org\/{rel}","templated":true}]}}