{"id":6807,"date":"2026-03-03T12:45:03","date_gmt":"2026-03-03T12:45:03","guid":{"rendered":"https:\/\/digitalculturesandarts.ch\/?p=6807"},"modified":"2026-03-03T12:52:03","modified_gmt":"2026-03-03T12:52:03","slug":"zkk-talk-6-kybernetik-und-kritik-anna-verena-nosthoff-und-felix-maschewski-im-gesprach-mit-roland-meyer","status":"publish","type":"post","link":"https:\/\/digitalculturesandarts.ch\/de\/zkk-talk-6-kybernetik-und-kritik-anna-verena-nosthoff-und-felix-maschewski-im-gesprach-mit-roland-meyer\/","title":{"rendered":"ZKK Talk #6 \u00abKybernetik und Kritik\u00bb. Anna-Verena Nosthoff und Felix Maschewski im Gespr\u00e4ch mit Roland Meyer"},"content":{"rendered":"<p class=\"\">Im Rahmen der ZKK Talks 2026 kommen Anna-Verena Nosthoff und Felix Maschewski mit Roland Meyer ins Gespr\u00e4ch \u00fcber das neu erschienene Buch \u00ab<a href=\"https:\/\/www.suhrkamp.de\/buch\/anna-verena-nosthoff-kybernetik-und-kritik-t-9783518300794\">Kybernetik und Kritik. Eine Theorie digitaler Regierungskunst<\/a>\u00bb von Anna-Verena Nosthoff. <\/p>\n\n\n\n<p class=\"\">Darin zeichnet Anna-Verena Nosthoff ein umfassendes Panorama der Kybernetisierung der datafizierten Gegenwartsgesellschaft \u2013 von den ersten Pr\u00e4missen der \u00bbWissenschaft von Kommunikation und Kontrolle\u00ab \u00fcber die Emergenz des Cyberspace bis hin zum aktuellen KI-Hype und zu technikautorit\u00e4ren Str\u00f6mungen. Es zeigt sich: Die Kybernetisierung erfasst auch die Kritik \u2013 die sich daher neu erfinden muss, um zu \u00fcberleben.<\/p>\n\n\n\n<p class=\"\">Veranstaltungsort: <em>Universit\u00e4t Z\u00fcrich, Raum KUM E 1\/2\/3, K\u00fcnstlergasse 15 a, 8001 Z\u00fcrich<\/em><\/p>\n\n\n\n<p class=\"\">Die ZKK Talks 2026 widmen sich unter dem Slogan \u00abSolutionism, Discontinued.\u00bb einer erneuten Kritik des solutionistischen Denkens. Zu den weiteren Talks der Reihe finden sich <a href=\"https:\/\/www.zentrumkuensteundkulturtheorie.ch\/veranstaltungen\/aktuell\/?n=solutionismus\">hier<\/a> weitere Informationen. <\/p>\n\n\n\n<p class=\"\"><\/p>\n\n\n\n<p class=\"\"><\/p>","protected":false},"excerpt":{"rendered":"<p>Im Rahmen der ZKK Talks 2026 kommen Anna-Verena Nosthoff und Felix Maschewski mit Roland Meyer ins Gespr\u00e4ch \u00fcber das neu erschienene Buch \u00abKybernetik und Kritik. Eine Theorie digitaler Regierungskunst\u00bb von Anna-Verena Nosthoff. Darin zeichnet Anna-Verena Nosthoff ein umfassendes Panorama der Kybernetisierung der datafizierten Gegenwartsgesellschaft \u2013 von den ersten Pr\u00e4missen der \u00bbWissenschaft von Kommunikation und Kontrolle\u00ab [&hellip;]<\/p>\n","protected":false},"author":2,"featured_media":6808,"comment_status":"closed","ping_status":"closed","sticky":true,"template":"","format":"standard","meta":{"nf_dc_page":"","_coblocks_attr":"","_coblocks_dimensions":"","_coblocks_responsive_height":"","_coblocks_accordion_ie_support":"","_FSMCFIC_featured_image_caption":"","_FSMCFIC_featured_image_nocaption":"","_FSMCFIC_featured_image_hide":"","footnotes":""},"categories":[15],"tags":[],"class_list":["post-6807","post","type-post","status-publish","format-standard","has-post-thumbnail","hentry","category-event"],"mb":[],"yoast_head":"<!-- This site is optimized with the Yoast SEO plugin v27.4 - https:\/\/yoast.com\/product\/yoast-seo-wordpress\/ -->\n<title>ZKK Talk #6 \u00abKybernetik und Kritik\u00bb. Anna-Verena Nosthoff und Felix Maschewski im Gespr\u00e4ch mit Roland Meyer - digital cultures and arts<\/title>\n<meta name=\"robots\" content=\"index, follow, max-snippet:-1, max-image-preview:large, max-video-preview:-1\" \/>\n<link rel=\"canonical\" href=\"https:\/\/digitalculturesandarts.ch\/de\/zkk-talk-6-kybernetik-und-kritik-anna-verena-nosthoff-und-felix-maschewski-im-gesprach-mit-roland-meyer\/\" \/>\n<meta property=\"og:locale\" content=\"de_DE\" \/>\n<meta property=\"og:type\" content=\"article\" \/>\n<meta property=\"og:title\" content=\"ZKK Talk #6 \u00abKybernetik und Kritik\u00bb. Anna-Verena Nosthoff und Felix Maschewski im Gespr\u00e4ch mit Roland Meyer - digital cultures and arts\" \/>\n<meta property=\"og:description\" content=\"Im Rahmen der ZKK Talks 2026 kommen Anna-Verena Nosthoff und Felix Maschewski mit Roland Meyer ins Gespr\u00e4ch \u00fcber das neu erschienene Buch \u00abKybernetik und Kritik. Eine Theorie digitaler Regierungskunst\u00bb von Anna-Verena Nosthoff. Darin zeichnet Anna-Verena Nosthoff ein umfassendes Panorama der Kybernetisierung der datafizierten Gegenwartsgesellschaft \u2013 von den ersten Pr\u00e4missen der \u00bbWissenschaft von Kommunikation und Kontrolle\u00ab [&hellip;]\" \/>\n<meta property=\"og:url\" content=\"https:\/\/digitalculturesandarts.ch\/de\/zkk-talk-6-kybernetik-und-kritik-anna-verena-nosthoff-und-felix-maschewski-im-gesprach-mit-roland-meyer\/\" \/>\n<meta property=\"og:site_name\" content=\"digital cultures and arts\" \/>\n<meta property=\"article:published_time\" content=\"2026-03-03T12:45:03+00:00\" \/>\n<meta property=\"article:modified_time\" content=\"2026-03-03T12:52:03+00:00\" \/>\n<meta property=\"og:image\" content=\"https:\/\/digitalculturesandarts.ch\/wp-content\/uploads\/2026\/03\/duotone-19.png\" \/>\n\t<meta property=\"og:image:width\" content=\"1042\" \/>\n\t<meta property=\"og:image:height\" content=\"1384\" \/>\n\t<meta property=\"og:image:type\" content=\"image\/png\" \/>\n<meta name=\"author\" content=\"Lars\" \/>\n<meta name=\"twitter:card\" content=\"summary_large_image\" \/>\n<script type=\"application\/ld+json\" class=\"yoast-schema-graph\">{\"@context\":\"https:\\\/\\\/schema.org\",\"@graph\":[{\"@type\":\"Article\",\"@id\":\"https:\\\/\\\/digitalculturesandarts.ch\\\/zkk-talk-6-kybernetik-und-kritik-anna-verena-nosthoff-und-felix-maschewski-im-gesprach-mit-roland-meyer\\\/#article\",\"isPartOf\":{\"@id\":\"https:\\\/\\\/digitalculturesandarts.ch\\\/zkk-talk-6-kybernetik-und-kritik-anna-verena-nosthoff-und-felix-maschewski-im-gesprach-mit-roland-meyer\\\/\"},\"author\":{\"name\":\"Lars\",\"@id\":\"https:\\\/\\\/digitalculturesandarts.ch\\\/#\\\/schema\\\/person\\\/294bc711a635d139193f51c0a1cf456a\"},\"headline\":\"ZKK Talk #6 \u00abKybernetik und Kritik\u00bb. Anna-Verena Nosthoff und Felix Maschewski im Gespr\u00e4ch mit Roland Meyer\",\"datePublished\":\"2026-03-03T12:45:03+00:00\",\"dateModified\":\"2026-03-03T12:52:03+00:00\",\"mainEntityOfPage\":{\"@id\":\"https:\\\/\\\/digitalculturesandarts.ch\\\/zkk-talk-6-kybernetik-und-kritik-anna-verena-nosthoff-und-felix-maschewski-im-gesprach-mit-roland-meyer\\\/\"},\"wordCount\":145,\"publisher\":{\"@id\":\"https:\\\/\\\/digitalculturesandarts.ch\\\/#organization\"},\"image\":{\"@id\":\"https:\\\/\\\/digitalculturesandarts.ch\\\/zkk-talk-6-kybernetik-und-kritik-anna-verena-nosthoff-und-felix-maschewski-im-gesprach-mit-roland-meyer\\\/#primaryimage\"},\"thumbnailUrl\":\"https:\\\/\\\/digitalculturesandarts.ch\\\/wp-content\\\/uploads\\\/2026\\\/03\\\/duotone-19.png\",\"articleSection\":[\"Event\"],\"inLanguage\":\"de-CH\"},{\"@type\":\"WebPage\",\"@id\":\"https:\\\/\\\/digitalculturesandarts.ch\\\/zkk-talk-6-kybernetik-und-kritik-anna-verena-nosthoff-und-felix-maschewski-im-gesprach-mit-roland-meyer\\\/\",\"url\":\"https:\\\/\\\/digitalculturesandarts.ch\\\/zkk-talk-6-kybernetik-und-kritik-anna-verena-nosthoff-und-felix-maschewski-im-gesprach-mit-roland-meyer\\\/\",\"name\":\"ZKK Talk #6 \u00abKybernetik und Kritik\u00bb. Anna-Verena Nosthoff und Felix Maschewski im Gespr\u00e4ch mit Roland Meyer - digital cultures and arts\",\"isPartOf\":{\"@id\":\"https:\\\/\\\/digitalculturesandarts.ch\\\/#website\"},\"primaryImageOfPage\":{\"@id\":\"https:\\\/\\\/digitalculturesandarts.ch\\\/zkk-talk-6-kybernetik-und-kritik-anna-verena-nosthoff-und-felix-maschewski-im-gesprach-mit-roland-meyer\\\/#primaryimage\"},\"image\":{\"@id\":\"https:\\\/\\\/digitalculturesandarts.ch\\\/zkk-talk-6-kybernetik-und-kritik-anna-verena-nosthoff-und-felix-maschewski-im-gesprach-mit-roland-meyer\\\/#primaryimage\"},\"thumbnailUrl\":\"https:\\\/\\\/digitalculturesandarts.ch\\\/wp-content\\\/uploads\\\/2026\\\/03\\\/duotone-19.png\",\"datePublished\":\"2026-03-03T12:45:03+00:00\",\"dateModified\":\"2026-03-03T12:52:03+00:00\",\"breadcrumb\":{\"@id\":\"https:\\\/\\\/digitalculturesandarts.ch\\\/zkk-talk-6-kybernetik-und-kritik-anna-verena-nosthoff-und-felix-maschewski-im-gesprach-mit-roland-meyer\\\/#breadcrumb\"},\"inLanguage\":\"de-CH\",\"potentialAction\":[{\"@type\":\"ReadAction\",\"target\":[\"https:\\\/\\\/digitalculturesandarts.ch\\\/zkk-talk-6-kybernetik-und-kritik-anna-verena-nosthoff-und-felix-maschewski-im-gesprach-mit-roland-meyer\\\/\"]}]},{\"@type\":\"ImageObject\",\"inLanguage\":\"de-CH\",\"@id\":\"https:\\\/\\\/digitalculturesandarts.ch\\\/zkk-talk-6-kybernetik-und-kritik-anna-verena-nosthoff-und-felix-maschewski-im-gesprach-mit-roland-meyer\\\/#primaryimage\",\"url\":\"https:\\\/\\\/digitalculturesandarts.ch\\\/wp-content\\\/uploads\\\/2026\\\/03\\\/duotone-19.png\",\"contentUrl\":\"https:\\\/\\\/digitalculturesandarts.ch\\\/wp-content\\\/uploads\\\/2026\\\/03\\\/duotone-19.png\",\"width\":1042,\"height\":1384},{\"@type\":\"BreadcrumbList\",\"@id\":\"https:\\\/\\\/digitalculturesandarts.ch\\\/zkk-talk-6-kybernetik-und-kritik-anna-verena-nosthoff-und-felix-maschewski-im-gesprach-mit-roland-meyer\\\/#breadcrumb\",\"itemListElement\":[{\"@type\":\"ListItem\",\"position\":1,\"name\":\"Home\",\"item\":\"https:\\\/\\\/digitalculturesandarts.ch\\\/\"},{\"@type\":\"ListItem\",\"position\":2,\"name\":\"ZKK Talk #6 \u00abKybernetik und Kritik\u00bb. Anna-Verena Nosthoff und Felix Maschewski im Gespr\u00e4ch mit Roland Meyer\"}]},{\"@type\":\"WebSite\",\"@id\":\"https:\\\/\\\/digitalculturesandarts.ch\\\/#website\",\"url\":\"https:\\\/\\\/digitalculturesandarts.ch\\\/\",\"name\":\"digital cultures and arts\",\"description\":\"Bridge Professorship between the University of Zurich and Zurich University of the Arts\",\"publisher\":{\"@id\":\"https:\\\/\\\/digitalculturesandarts.ch\\\/#organization\"},\"alternateName\":\"digitale kulturen und k\u00fcnste\",\"potentialAction\":[{\"@type\":\"SearchAction\",\"target\":{\"@type\":\"EntryPoint\",\"urlTemplate\":\"https:\\\/\\\/digitalculturesandarts.ch\\\/?s={search_term_string}\"},\"query-input\":{\"@type\":\"PropertyValueSpecification\",\"valueRequired\":true,\"valueName\":\"search_term_string\"}}],\"inLanguage\":\"de-CH\"},{\"@type\":\"Organization\",\"@id\":\"https:\\\/\\\/digitalculturesandarts.ch\\\/#organization\",\"name\":\"digital cultures and arts\",\"alternateName\":\"digitale kulturen und k\u00fcnste\",\"url\":\"https:\\\/\\\/digitalculturesandarts.ch\\\/\",\"logo\":{\"@type\":\"ImageObject\",\"inLanguage\":\"de-CH\",\"@id\":\"https:\\\/\\\/digitalculturesandarts.ch\\\/#\\\/schema\\\/logo\\\/image\\\/\",\"url\":\"https:\\\/\\\/digitalculturesandarts.ch\\\/wp-content\\\/uploads\\\/2025\\\/04\\\/cropped-col.png\",\"contentUrl\":\"https:\\\/\\\/digitalculturesandarts.ch\\\/wp-content\\\/uploads\\\/2025\\\/04\\\/cropped-col.png\",\"width\":512,\"height\":512,\"caption\":\"digital cultures and arts\"},\"image\":{\"@id\":\"https:\\\/\\\/digitalculturesandarts.ch\\\/#\\\/schema\\\/logo\\\/image\\\/\"},\"sameAs\":[\"https:\\\/\\\/www.instagram.com\\\/digitalculturesandarts\\\/\"]},{\"@type\":\"Person\",\"@id\":\"https:\\\/\\\/digitalculturesandarts.ch\\\/#\\\/schema\\\/person\\\/294bc711a635d139193f51c0a1cf456a\",\"name\":\"Lars\",\"image\":{\"@type\":\"ImageObject\",\"inLanguage\":\"de-CH\",\"@id\":\"https:\\\/\\\/secure.gravatar.com\\\/avatar\\\/f6e722b128afda74ecd5a565b332c1fcb022f1fe25ef4c1d5570b6232a140524?s=96&d=mm&r=g\",\"url\":\"https:\\\/\\\/secure.gravatar.com\\\/avatar\\\/f6e722b128afda74ecd5a565b332c1fcb022f1fe25ef4c1d5570b6232a140524?s=96&d=mm&r=g\",\"contentUrl\":\"https:\\\/\\\/secure.gravatar.com\\\/avatar\\\/f6e722b128afda74ecd5a565b332c1fcb022f1fe25ef4c1d5570b6232a140524?s=96&d=mm&r=g\",\"caption\":\"Lars\"},\"url\":\"https:\\\/\\\/digitalculturesandarts.ch\\\/de\\\/author\\\/admin\\\/\"}]}<\/script>\n<!-- \/ Yoast SEO plugin. -->","yoast_head_json":{"title":"ZKK Talk #6 \u00abKybernetik und Kritik\u00bb. Anna-Verena Nosthoff und Felix Maschewski im Gespr\u00e4ch mit Roland Meyer - digital cultures and arts","robots":{"index":"index","follow":"follow","max-snippet":"max-snippet:-1","max-image-preview":"max-image-preview:large","max-video-preview":"max-video-preview:-1"},"canonical":"https:\/\/digitalculturesandarts.ch\/de\/zkk-talk-6-kybernetik-und-kritik-anna-verena-nosthoff-und-felix-maschewski-im-gesprach-mit-roland-meyer\/","og_locale":"de_DE","og_type":"article","og_title":"ZKK Talk #6 \u00abKybernetik und Kritik\u00bb. Anna-Verena Nosthoff und Felix Maschewski im Gespr\u00e4ch mit Roland Meyer - digital cultures and arts","og_description":"Im Rahmen der ZKK Talks 2026 kommen Anna-Verena Nosthoff und Felix Maschewski mit Roland Meyer ins Gespr\u00e4ch \u00fcber das neu erschienene Buch \u00abKybernetik und Kritik. Eine Theorie digitaler Regierungskunst\u00bb von Anna-Verena Nosthoff. Darin zeichnet Anna-Verena Nosthoff ein umfassendes Panorama der Kybernetisierung der datafizierten Gegenwartsgesellschaft \u2013 von den ersten Pr\u00e4missen der \u00bbWissenschaft von Kommunikation und Kontrolle\u00ab [&hellip;]","og_url":"https:\/\/digitalculturesandarts.ch\/de\/zkk-talk-6-kybernetik-und-kritik-anna-verena-nosthoff-und-felix-maschewski-im-gesprach-mit-roland-meyer\/","og_site_name":"digital cultures and arts","article_published_time":"2026-03-03T12:45:03+00:00","article_modified_time":"2026-03-03T12:52:03+00:00","og_image":[{"width":1042,"height":1384,"url":"https:\/\/digitalculturesandarts.ch\/wp-content\/uploads\/2026\/03\/duotone-19.png","type":"image\/png"}],"author":"Lars","twitter_card":"summary_large_image","schema":{"@context":"https:\/\/schema.org","@graph":[{"@type":"Article","@id":"https:\/\/digitalculturesandarts.ch\/zkk-talk-6-kybernetik-und-kritik-anna-verena-nosthoff-und-felix-maschewski-im-gesprach-mit-roland-meyer\/#article","isPartOf":{"@id":"https:\/\/digitalculturesandarts.ch\/zkk-talk-6-kybernetik-und-kritik-anna-verena-nosthoff-und-felix-maschewski-im-gesprach-mit-roland-meyer\/"},"author":{"name":"Lars","@id":"https:\/\/digitalculturesandarts.ch\/#\/schema\/person\/294bc711a635d139193f51c0a1cf456a"},"headline":"ZKK Talk #6 \u00abKybernetik und Kritik\u00bb. Anna-Verena Nosthoff und Felix Maschewski im Gespr\u00e4ch mit Roland Meyer","datePublished":"2026-03-03T12:45:03+00:00","dateModified":"2026-03-03T12:52:03+00:00","mainEntityOfPage":{"@id":"https:\/\/digitalculturesandarts.ch\/zkk-talk-6-kybernetik-und-kritik-anna-verena-nosthoff-und-felix-maschewski-im-gesprach-mit-roland-meyer\/"},"wordCount":145,"publisher":{"@id":"https:\/\/digitalculturesandarts.ch\/#organization"},"image":{"@id":"https:\/\/digitalculturesandarts.ch\/zkk-talk-6-kybernetik-und-kritik-anna-verena-nosthoff-und-felix-maschewski-im-gesprach-mit-roland-meyer\/#primaryimage"},"thumbnailUrl":"https:\/\/digitalculturesandarts.ch\/wp-content\/uploads\/2026\/03\/duotone-19.png","articleSection":["Event"],"inLanguage":"de-CH"},{"@type":"WebPage","@id":"https:\/\/digitalculturesandarts.ch\/zkk-talk-6-kybernetik-und-kritik-anna-verena-nosthoff-und-felix-maschewski-im-gesprach-mit-roland-meyer\/","url":"https:\/\/digitalculturesandarts.ch\/zkk-talk-6-kybernetik-und-kritik-anna-verena-nosthoff-und-felix-maschewski-im-gesprach-mit-roland-meyer\/","name":"ZKK Talk #6 \u00abKybernetik und Kritik\u00bb. Anna-Verena Nosthoff und Felix Maschewski im Gespr\u00e4ch mit Roland Meyer - digital cultures and arts","isPartOf":{"@id":"https:\/\/digitalculturesandarts.ch\/#website"},"primaryImageOfPage":{"@id":"https:\/\/digitalculturesandarts.ch\/zkk-talk-6-kybernetik-und-kritik-anna-verena-nosthoff-und-felix-maschewski-im-gesprach-mit-roland-meyer\/#primaryimage"},"image":{"@id":"https:\/\/digitalculturesandarts.ch\/zkk-talk-6-kybernetik-und-kritik-anna-verena-nosthoff-und-felix-maschewski-im-gesprach-mit-roland-meyer\/#primaryimage"},"thumbnailUrl":"https:\/\/digitalculturesandarts.ch\/wp-content\/uploads\/2026\/03\/duotone-19.png","datePublished":"2026-03-03T12:45:03+00:00","dateModified":"2026-03-03T12:52:03+00:00","breadcrumb":{"@id":"https:\/\/digitalculturesandarts.ch\/zkk-talk-6-kybernetik-und-kritik-anna-verena-nosthoff-und-felix-maschewski-im-gesprach-mit-roland-meyer\/#breadcrumb"},"inLanguage":"de-CH","potentialAction":[{"@type":"ReadAction","target":["https:\/\/digitalculturesandarts.ch\/zkk-talk-6-kybernetik-und-kritik-anna-verena-nosthoff-und-felix-maschewski-im-gesprach-mit-roland-meyer\/"]}]},{"@type":"ImageObject","inLanguage":"de-CH","@id":"https:\/\/digitalculturesandarts.ch\/zkk-talk-6-kybernetik-und-kritik-anna-verena-nosthoff-und-felix-maschewski-im-gesprach-mit-roland-meyer\/#primaryimage","url":"https:\/\/digitalculturesandarts.ch\/wp-content\/uploads\/2026\/03\/duotone-19.png","contentUrl":"https:\/\/digitalculturesandarts.ch\/wp-content\/uploads\/2026\/03\/duotone-19.png","width":1042,"height":1384},{"@type":"BreadcrumbList","@id":"https:\/\/digitalculturesandarts.ch\/zkk-talk-6-kybernetik-und-kritik-anna-verena-nosthoff-und-felix-maschewski-im-gesprach-mit-roland-meyer\/#breadcrumb","itemListElement":[{"@type":"ListItem","position":1,"name":"Home","item":"https:\/\/digitalculturesandarts.ch\/"},{"@type":"ListItem","position":2,"name":"ZKK Talk #6 \u00abKybernetik und Kritik\u00bb. Anna-Verena Nosthoff und Felix Maschewski im Gespr\u00e4ch mit Roland Meyer"}]},{"@type":"WebSite","@id":"https:\/\/digitalculturesandarts.ch\/#website","url":"https:\/\/digitalculturesandarts.ch\/","name":"digitale kulturen und k\u00fcnste","description":"Bridge Professorship between the University of Zurich and Zurich University of the Arts","publisher":{"@id":"https:\/\/digitalculturesandarts.ch\/#organization"},"alternateName":"digitale kulturen und k\u00fcnste","potentialAction":[{"@type":"SearchAction","target":{"@type":"EntryPoint","urlTemplate":"https:\/\/digitalculturesandarts.ch\/?s={search_term_string}"},"query-input":{"@type":"PropertyValueSpecification","valueRequired":true,"valueName":"search_term_string"}}],"inLanguage":"de-CH"},{"@type":"Organization","@id":"https:\/\/digitalculturesandarts.ch\/#organization","name":"digitale kulturen und k\u00fcnste","alternateName":"digitale kulturen und k\u00fcnste","url":"https:\/\/digitalculturesandarts.ch\/","logo":{"@type":"ImageObject","inLanguage":"de-CH","@id":"https:\/\/digitalculturesandarts.ch\/#\/schema\/logo\/image\/","url":"https:\/\/digitalculturesandarts.ch\/wp-content\/uploads\/2025\/04\/cropped-col.png","contentUrl":"https:\/\/digitalculturesandarts.ch\/wp-content\/uploads\/2025\/04\/cropped-col.png","width":512,"height":512,"caption":"digital cultures and arts"},"image":{"@id":"https:\/\/digitalculturesandarts.ch\/#\/schema\/logo\/image\/"},"sameAs":["https:\/\/www.instagram.com\/digitalculturesandarts\/"]},{"@type":"Person","@id":"https:\/\/digitalculturesandarts.ch\/#\/schema\/person\/294bc711a635d139193f51c0a1cf456a","name":"Lars","image":{"@type":"ImageObject","inLanguage":"de-CH","@id":"https:\/\/secure.gravatar.com\/avatar\/f6e722b128afda74ecd5a565b332c1fcb022f1fe25ef4c1d5570b6232a140524?s=96&d=mm&r=g","url":"https:\/\/secure.gravatar.com\/avatar\/f6e722b128afda74ecd5a565b332c1fcb022f1fe25ef4c1d5570b6232a140524?s=96&d=mm&r=g","contentUrl":"https:\/\/secure.gravatar.com\/avatar\/f6e722b128afda74ecd5a565b332c1fcb022f1fe25ef4c1d5570b6232a140524?s=96&d=mm&r=g","caption":"Lars"},"url":"https:\/\/digitalculturesandarts.ch\/de\/author\/admin\/"}]}},"mfb_rest_fields":["title","yoast_head","yoast_head_json"],"_links":{"self":[{"href":"https:\/\/digitalculturesandarts.ch\/de\/wp-json\/wp\/v2\/posts\/6807","targetHints":{"allow":["GET"]}}],"collection":[{"href":"https:\/\/digitalculturesandarts.ch\/de\/wp-json\/wp\/v2\/posts"}],"about":[{"href":"https:\/\/digitalculturesandarts.ch\/de\/wp-json\/wp\/v2\/types\/post"}],"author":[{"embeddable":true,"href":"https:\/\/digitalculturesandarts.ch\/de\/wp-json\/wp\/v2\/users\/2"}],"replies":[{"embeddable":true,"href":"https:\/\/digitalculturesandarts.ch\/de\/wp-json\/wp\/v2\/comments?post=6807"}],"version-history":[{"count":5,"href":"https:\/\/digitalculturesandarts.ch\/de\/wp-json\/wp\/v2\/posts\/6807\/revisions"}],"predecessor-version":[{"id":6815,"href":"https:\/\/digitalculturesandarts.ch\/de\/wp-json\/wp\/v2\/posts\/6807\/revisions\/6815"}],"wp:featuredmedia":[{"embeddable":true,"href":"https:\/\/digitalculturesandarts.ch\/de\/wp-json\/wp\/v2\/media\/6808"}],"wp:attachment":[{"href":"https:\/\/digitalculturesandarts.ch\/de\/wp-json\/wp\/v2\/media?parent=6807"}],"wp:term":[{"taxonomy":"category","embeddable":true,"href":"https:\/\/digitalculturesandarts.ch\/de\/wp-json\/wp\/v2\/categories?post=6807"},{"taxonomy":"post_tag","embeddable":true,"href":"https:\/\/digitalculturesandarts.ch\/de\/wp-json\/wp\/v2\/tags?post=6807"}],"curies":[{"name":"wp","href":"https:\/\/api.w.org\/{rel}","templated":true}]}}