{"id":6803,"date":"2026-02-25T14:32:57","date_gmt":"2026-02-25T14:32:57","guid":{"rendered":"https:\/\/digitalculturesandarts.ch\/?p=6803"},"modified":"2026-03-03T15:44:42","modified_gmt":"2026-03-03T15:44:42","slug":"seminar-theorien-des-digitalen","status":"publish","type":"post","link":"https:\/\/digitalculturesandarts.ch\/de\/seminar-theorien-des-digitalen\/","title":{"rendered":"Seminar: \u00abTheorien digitaler Bilder\u00bb"},"content":{"rendered":"<p class=\"\">Angesichts der Flut KI-generierter Bilder und Videos in den sozialen Medien mehren sich die Warnungen vor Manipulation und Desinformation. Manche sehen mit dem sogenannten \u00abAI Slop\u00bb gar das \u00abEnde der Wahrheit\u00bb gekommen. Solche Warnungen sind dabei nicht neu. Bereits in den 1990er Jahren wurde angesichts von Photoshop, Digitalkameras und computeranimierten Sauriern in Hollywood-Blockbustern wortm\u00e4chtig dar\u00fcber diskutiert, ob den Bildern im anbrechenden \u00abdigitalen Zeitalter\u00bb noch zu trauen ist. Sp\u00e4testens mit der Durchsetzung von Smartphones und sozialen Netzwerken hat sich allerdings gezeigt, dass digitale Bildmedien kaum weniger als analoge dazu genutzt werden, \u00abreale\u00bb Ereignisse aufzuzeichnen. Noch nie wurde unser Alltag so umfassend bildlich dokumentiert wie in den vergangenen zwei Jahrzehnten. Zugleich sind digitalen Bildern ganz neue Funktionen zugewachsen: Als \u00aboperative Bilder\u00bb (Harun Farocki) sind sie Teil vonautomatisierten Steuerungs- und \u00dcberwachungsprozessen, etwa in autonomen Fahrzeugen und Waffensystemen; als vernetzte und in Echtzeit online geteilte Bilder erf\u00fcllen sie neue kommunikative Funktionen; und dank ihrer Einbettung in Prozesse der Metadatierung, der Mustererkennung und des forensischen Datenabgleichs erlauben sie die Rekonstruktion komplexer Ereignisse und die Simulation von Prozessen, die sich ansonsten der Sichtbarkeit entziehen.&nbsp;<\/p>\n\n\n\n<p class=\"\">Die Geschichte digitaler Bilder ist somit auch eine Geschichte sich wandelnder Deutungen, widerstreitender Zuschreibungen und immer neuer Versuche, das Spezifische des \u00abDigitalen\u00bb begrifflich zu erfassen. Dieser Theorie- und Ideengeschichte wollen wir uns im Seminar anhand der Lekt\u00fcre klassischer Texte von den 1990er Jahren bis zur Gegenwart n\u00e4hern, von Autor:innen wie Lev Manovich, Harun Farocki, Hito Steyerl, Trevor Paglen und Joanna Zylinska. Diese Texte, die oft von K\u00fcnstler:innen verfasst wurden und in Auseinandersetzung mit k\u00fcnstlerischer Praxis entstanden sind, werden wir sowohl in ihrem medienhistorischen Kontext situieren als auch auf ihre Bedeutung f\u00fcr die Gegenwart hin befragen. Denn auch wenn die Bildwelten generativer KI, die auf der Synthese riesiger Bilddatenbest\u00e4nde basieren, zweifellos eine Z\u00e4sur darstellen, haben die damit verbundenen Fragen, Hoffnungen und Bef\u00fcrchtungen eine Vorgeschichte, die zu rekonstruieren sich lohnt.<\/p>\n\n\n\n<hr class=\"is-style-wide wp-block-separator has-alpha-channel-opacity\"\/>\n\n\n\n<p class=\"\">Das Seminar wird an der Universit\u00e4t Z\u00fcrich als Wahlmodul im \u00abKolloquium Filmtheorie\u00bb und an der ZHdK im Minor \u00abCritical Thinking\u00bb angeboten. In anderen Studieng\u00e4ngen wird es als \u00ab\u00dcberfachliches Angebot\u00bb angerechnet.<\/p>\n\n\n\n<hr class=\"is-style-wide wp-block-separator has-alpha-channel-opacity\"\/>\n\n\n\n<p class=\"\">Lehrender: Prof. Dr. Roland Meyer<\/p>\n\n\n\n<p class=\"\">Mittwochs,&nbsp;<a href=\"https:\/\/studentservices.uzh.ch\/uzh\/anonym\/vvz\/?sap-language=DE#\">14:00-15:<\/a>45<\/p>\n\n\n\n<p class=\"\">ECTS: 6<\/p>\n\n\n\n<p class=\"\"><\/p>","protected":false},"excerpt":{"rendered":"<p>Angesichts der Flut KI-generierter Bilder und Videos in den sozialen Medien mehren sich die Warnungen vor Manipulation und Desinformation. Manche sehen mit dem sogenannten \u00abAI Slop\u00bb gar das \u00abEnde der Wahrheit\u00bb gekommen. Solche Warnungen sind dabei nicht neu. Bereits in den 1990er Jahren wurde angesichts von Photoshop, Digitalkameras und computeranimierten Sauriern in Hollywood-Blockbustern wortm\u00e4chtig dar\u00fcber [&hellip;]<\/p>\n","protected":false},"author":2,"featured_media":6805,"comment_status":"closed","ping_status":"closed","sticky":false,"template":"","format":"standard","meta":{"nf_dc_page":"","_coblocks_attr":"","_coblocks_dimensions":"","_coblocks_responsive_height":"","_coblocks_accordion_ie_support":"","_FSMCFIC_featured_image_caption":"","_FSMCFIC_featured_image_nocaption":"","_FSMCFIC_featured_image_hide":"","footnotes":""},"categories":[12],"tags":[],"class_list":["post-6803","post","type-post","status-publish","format-standard","has-post-thumbnail","hentry","category-teaching"],"mb":[],"yoast_head":"<!-- This site is optimized with the Yoast SEO plugin v27.4 - https:\/\/yoast.com\/product\/yoast-seo-wordpress\/ -->\n<title>Seminar: \u00abTheorien digitaler Bilder\u00bb - digital cultures and arts<\/title>\n<meta name=\"robots\" content=\"index, follow, max-snippet:-1, max-image-preview:large, max-video-preview:-1\" \/>\n<link rel=\"canonical\" href=\"https:\/\/digitalculturesandarts.ch\/de\/seminar-theorien-des-digitalen\/\" \/>\n<meta property=\"og:locale\" content=\"de_DE\" \/>\n<meta property=\"og:type\" content=\"article\" \/>\n<meta property=\"og:title\" content=\"Seminar: \u00abTheorien digitaler Bilder\u00bb - digital cultures and arts\" \/>\n<meta property=\"og:description\" content=\"Angesichts der Flut KI-generierter Bilder und Videos in den sozialen Medien mehren sich die Warnungen vor Manipulation und Desinformation. Manche sehen mit dem sogenannten \u00abAI Slop\u00bb gar das \u00abEnde der Wahrheit\u00bb gekommen. Solche Warnungen sind dabei nicht neu. Bereits in den 1990er Jahren wurde angesichts von Photoshop, Digitalkameras und computeranimierten Sauriern in Hollywood-Blockbustern wortm\u00e4chtig dar\u00fcber [&hellip;]\" \/>\n<meta property=\"og:url\" content=\"https:\/\/digitalculturesandarts.ch\/de\/seminar-theorien-des-digitalen\/\" \/>\n<meta property=\"og:site_name\" content=\"digital cultures and arts\" \/>\n<meta property=\"article:published_time\" content=\"2026-02-25T14:32:57+00:00\" \/>\n<meta property=\"article:modified_time\" content=\"2026-03-03T15:44:42+00:00\" \/>\n<meta property=\"og:image\" content=\"https:\/\/digitalculturesandarts.ch\/wp-content\/uploads\/2026\/02\/duotone-18.png\" \/>\n\t<meta property=\"og:image:width\" content=\"1745\" \/>\n\t<meta property=\"og:image:height\" content=\"1416\" \/>\n\t<meta property=\"og:image:type\" content=\"image\/png\" \/>\n<meta name=\"author\" content=\"Lars\" \/>\n<meta name=\"twitter:card\" content=\"summary_large_image\" \/>\n<script type=\"application\/ld+json\" class=\"yoast-schema-graph\">{\"@context\":\"https:\\\/\\\/schema.org\",\"@graph\":[{\"@type\":\"Article\",\"@id\":\"https:\\\/\\\/digitalculturesandarts.ch\\\/seminar-theorien-des-digitalen\\\/#article\",\"isPartOf\":{\"@id\":\"https:\\\/\\\/digitalculturesandarts.ch\\\/seminar-theorien-des-digitalen\\\/\"},\"author\":{\"name\":\"Lars\",\"@id\":\"https:\\\/\\\/digitalculturesandarts.ch\\\/#\\\/schema\\\/person\\\/294bc711a635d139193f51c0a1cf456a\"},\"headline\":\"Seminar: \u00abTheorien digitaler Bilder\u00bb\",\"datePublished\":\"2026-02-25T14:32:57+00:00\",\"dateModified\":\"2026-03-03T15:44:42+00:00\",\"mainEntityOfPage\":{\"@id\":\"https:\\\/\\\/digitalculturesandarts.ch\\\/seminar-theorien-des-digitalen\\\/\"},\"wordCount\":367,\"publisher\":{\"@id\":\"https:\\\/\\\/digitalculturesandarts.ch\\\/#organization\"},\"image\":{\"@id\":\"https:\\\/\\\/digitalculturesandarts.ch\\\/seminar-theorien-des-digitalen\\\/#primaryimage\"},\"thumbnailUrl\":\"https:\\\/\\\/digitalculturesandarts.ch\\\/wp-content\\\/uploads\\\/2026\\\/02\\\/duotone-18.png\",\"articleSection\":[\"Teaching\"],\"inLanguage\":\"de-CH\"},{\"@type\":\"WebPage\",\"@id\":\"https:\\\/\\\/digitalculturesandarts.ch\\\/seminar-theorien-des-digitalen\\\/\",\"url\":\"https:\\\/\\\/digitalculturesandarts.ch\\\/seminar-theorien-des-digitalen\\\/\",\"name\":\"Seminar: \u00abTheorien digitaler Bilder\u00bb - digital cultures and arts\",\"isPartOf\":{\"@id\":\"https:\\\/\\\/digitalculturesandarts.ch\\\/#website\"},\"primaryImageOfPage\":{\"@id\":\"https:\\\/\\\/digitalculturesandarts.ch\\\/seminar-theorien-des-digitalen\\\/#primaryimage\"},\"image\":{\"@id\":\"https:\\\/\\\/digitalculturesandarts.ch\\\/seminar-theorien-des-digitalen\\\/#primaryimage\"},\"thumbnailUrl\":\"https:\\\/\\\/digitalculturesandarts.ch\\\/wp-content\\\/uploads\\\/2026\\\/02\\\/duotone-18.png\",\"datePublished\":\"2026-02-25T14:32:57+00:00\",\"dateModified\":\"2026-03-03T15:44:42+00:00\",\"breadcrumb\":{\"@id\":\"https:\\\/\\\/digitalculturesandarts.ch\\\/seminar-theorien-des-digitalen\\\/#breadcrumb\"},\"inLanguage\":\"de-CH\",\"potentialAction\":[{\"@type\":\"ReadAction\",\"target\":[\"https:\\\/\\\/digitalculturesandarts.ch\\\/seminar-theorien-des-digitalen\\\/\"]}]},{\"@type\":\"ImageObject\",\"inLanguage\":\"de-CH\",\"@id\":\"https:\\\/\\\/digitalculturesandarts.ch\\\/seminar-theorien-des-digitalen\\\/#primaryimage\",\"url\":\"https:\\\/\\\/digitalculturesandarts.ch\\\/wp-content\\\/uploads\\\/2026\\\/02\\\/duotone-18.png\",\"contentUrl\":\"https:\\\/\\\/digitalculturesandarts.ch\\\/wp-content\\\/uploads\\\/2026\\\/02\\\/duotone-18.png\",\"width\":1745,\"height\":1416},{\"@type\":\"BreadcrumbList\",\"@id\":\"https:\\\/\\\/digitalculturesandarts.ch\\\/seminar-theorien-des-digitalen\\\/#breadcrumb\",\"itemListElement\":[{\"@type\":\"ListItem\",\"position\":1,\"name\":\"Home\",\"item\":\"https:\\\/\\\/digitalculturesandarts.ch\\\/\"},{\"@type\":\"ListItem\",\"position\":2,\"name\":\"Seminar: \u00abTheorien digitaler Bilder\u00bb\"}]},{\"@type\":\"WebSite\",\"@id\":\"https:\\\/\\\/digitalculturesandarts.ch\\\/#website\",\"url\":\"https:\\\/\\\/digitalculturesandarts.ch\\\/\",\"name\":\"digital cultures and arts\",\"description\":\"Bridge Professorship between the University of Zurich and Zurich University of the Arts\",\"publisher\":{\"@id\":\"https:\\\/\\\/digitalculturesandarts.ch\\\/#organization\"},\"alternateName\":\"digitale kulturen und k\u00fcnste\",\"potentialAction\":[{\"@type\":\"SearchAction\",\"target\":{\"@type\":\"EntryPoint\",\"urlTemplate\":\"https:\\\/\\\/digitalculturesandarts.ch\\\/?s={search_term_string}\"},\"query-input\":{\"@type\":\"PropertyValueSpecification\",\"valueRequired\":true,\"valueName\":\"search_term_string\"}}],\"inLanguage\":\"de-CH\"},{\"@type\":\"Organization\",\"@id\":\"https:\\\/\\\/digitalculturesandarts.ch\\\/#organization\",\"name\":\"digital cultures and arts\",\"alternateName\":\"digitale kulturen und k\u00fcnste\",\"url\":\"https:\\\/\\\/digitalculturesandarts.ch\\\/\",\"logo\":{\"@type\":\"ImageObject\",\"inLanguage\":\"de-CH\",\"@id\":\"https:\\\/\\\/digitalculturesandarts.ch\\\/#\\\/schema\\\/logo\\\/image\\\/\",\"url\":\"https:\\\/\\\/digitalculturesandarts.ch\\\/wp-content\\\/uploads\\\/2025\\\/04\\\/cropped-col.png\",\"contentUrl\":\"https:\\\/\\\/digitalculturesandarts.ch\\\/wp-content\\\/uploads\\\/2025\\\/04\\\/cropped-col.png\",\"width\":512,\"height\":512,\"caption\":\"digital cultures and arts\"},\"image\":{\"@id\":\"https:\\\/\\\/digitalculturesandarts.ch\\\/#\\\/schema\\\/logo\\\/image\\\/\"},\"sameAs\":[\"https:\\\/\\\/www.instagram.com\\\/digitalculturesandarts\\\/\"]},{\"@type\":\"Person\",\"@id\":\"https:\\\/\\\/digitalculturesandarts.ch\\\/#\\\/schema\\\/person\\\/294bc711a635d139193f51c0a1cf456a\",\"name\":\"Lars\",\"image\":{\"@type\":\"ImageObject\",\"inLanguage\":\"de-CH\",\"@id\":\"https:\\\/\\\/secure.gravatar.com\\\/avatar\\\/f6e722b128afda74ecd5a565b332c1fcb022f1fe25ef4c1d5570b6232a140524?s=96&d=mm&r=g\",\"url\":\"https:\\\/\\\/secure.gravatar.com\\\/avatar\\\/f6e722b128afda74ecd5a565b332c1fcb022f1fe25ef4c1d5570b6232a140524?s=96&d=mm&r=g\",\"contentUrl\":\"https:\\\/\\\/secure.gravatar.com\\\/avatar\\\/f6e722b128afda74ecd5a565b332c1fcb022f1fe25ef4c1d5570b6232a140524?s=96&d=mm&r=g\",\"caption\":\"Lars\"},\"url\":\"https:\\\/\\\/digitalculturesandarts.ch\\\/de\\\/author\\\/admin\\\/\"}]}<\/script>\n<!-- \/ Yoast SEO plugin. -->","yoast_head_json":{"title":"Seminar: \u00abTheorien digitaler Bilder\u00bb - digital cultures and arts","robots":{"index":"index","follow":"follow","max-snippet":"max-snippet:-1","max-image-preview":"max-image-preview:large","max-video-preview":"max-video-preview:-1"},"canonical":"https:\/\/digitalculturesandarts.ch\/de\/seminar-theorien-des-digitalen\/","og_locale":"de_DE","og_type":"article","og_title":"Seminar: \u00abTheorien digitaler Bilder\u00bb - digital cultures and arts","og_description":"Angesichts der Flut KI-generierter Bilder und Videos in den sozialen Medien mehren sich die Warnungen vor Manipulation und Desinformation. Manche sehen mit dem sogenannten \u00abAI Slop\u00bb gar das \u00abEnde der Wahrheit\u00bb gekommen. Solche Warnungen sind dabei nicht neu. Bereits in den 1990er Jahren wurde angesichts von Photoshop, Digitalkameras und computeranimierten Sauriern in Hollywood-Blockbustern wortm\u00e4chtig dar\u00fcber [&hellip;]","og_url":"https:\/\/digitalculturesandarts.ch\/de\/seminar-theorien-des-digitalen\/","og_site_name":"digital cultures and arts","article_published_time":"2026-02-25T14:32:57+00:00","article_modified_time":"2026-03-03T15:44:42+00:00","og_image":[{"width":1745,"height":1416,"url":"https:\/\/digitalculturesandarts.ch\/wp-content\/uploads\/2026\/02\/duotone-18.png","type":"image\/png"}],"author":"Lars","twitter_card":"summary_large_image","schema":{"@context":"https:\/\/schema.org","@graph":[{"@type":"Article","@id":"https:\/\/digitalculturesandarts.ch\/seminar-theorien-des-digitalen\/#article","isPartOf":{"@id":"https:\/\/digitalculturesandarts.ch\/seminar-theorien-des-digitalen\/"},"author":{"name":"Lars","@id":"https:\/\/digitalculturesandarts.ch\/#\/schema\/person\/294bc711a635d139193f51c0a1cf456a"},"headline":"Seminar: \u00abTheorien digitaler Bilder\u00bb","datePublished":"2026-02-25T14:32:57+00:00","dateModified":"2026-03-03T15:44:42+00:00","mainEntityOfPage":{"@id":"https:\/\/digitalculturesandarts.ch\/seminar-theorien-des-digitalen\/"},"wordCount":367,"publisher":{"@id":"https:\/\/digitalculturesandarts.ch\/#organization"},"image":{"@id":"https:\/\/digitalculturesandarts.ch\/seminar-theorien-des-digitalen\/#primaryimage"},"thumbnailUrl":"https:\/\/digitalculturesandarts.ch\/wp-content\/uploads\/2026\/02\/duotone-18.png","articleSection":["Teaching"],"inLanguage":"de-CH"},{"@type":"WebPage","@id":"https:\/\/digitalculturesandarts.ch\/seminar-theorien-des-digitalen\/","url":"https:\/\/digitalculturesandarts.ch\/seminar-theorien-des-digitalen\/","name":"Seminar: \u00abTheorien digitaler Bilder\u00bb - digital cultures and arts","isPartOf":{"@id":"https:\/\/digitalculturesandarts.ch\/#website"},"primaryImageOfPage":{"@id":"https:\/\/digitalculturesandarts.ch\/seminar-theorien-des-digitalen\/#primaryimage"},"image":{"@id":"https:\/\/digitalculturesandarts.ch\/seminar-theorien-des-digitalen\/#primaryimage"},"thumbnailUrl":"https:\/\/digitalculturesandarts.ch\/wp-content\/uploads\/2026\/02\/duotone-18.png","datePublished":"2026-02-25T14:32:57+00:00","dateModified":"2026-03-03T15:44:42+00:00","breadcrumb":{"@id":"https:\/\/digitalculturesandarts.ch\/seminar-theorien-des-digitalen\/#breadcrumb"},"inLanguage":"de-CH","potentialAction":[{"@type":"ReadAction","target":["https:\/\/digitalculturesandarts.ch\/seminar-theorien-des-digitalen\/"]}]},{"@type":"ImageObject","inLanguage":"de-CH","@id":"https:\/\/digitalculturesandarts.ch\/seminar-theorien-des-digitalen\/#primaryimage","url":"https:\/\/digitalculturesandarts.ch\/wp-content\/uploads\/2026\/02\/duotone-18.png","contentUrl":"https:\/\/digitalculturesandarts.ch\/wp-content\/uploads\/2026\/02\/duotone-18.png","width":1745,"height":1416},{"@type":"BreadcrumbList","@id":"https:\/\/digitalculturesandarts.ch\/seminar-theorien-des-digitalen\/#breadcrumb","itemListElement":[{"@type":"ListItem","position":1,"name":"Home","item":"https:\/\/digitalculturesandarts.ch\/"},{"@type":"ListItem","position":2,"name":"Seminar: \u00abTheorien digitaler Bilder\u00bb"}]},{"@type":"WebSite","@id":"https:\/\/digitalculturesandarts.ch\/#website","url":"https:\/\/digitalculturesandarts.ch\/","name":"digitale kulturen und k\u00fcnste","description":"Bridge Professorship between the University of Zurich and Zurich University of the Arts","publisher":{"@id":"https:\/\/digitalculturesandarts.ch\/#organization"},"alternateName":"digitale kulturen und k\u00fcnste","potentialAction":[{"@type":"SearchAction","target":{"@type":"EntryPoint","urlTemplate":"https:\/\/digitalculturesandarts.ch\/?s={search_term_string}"},"query-input":{"@type":"PropertyValueSpecification","valueRequired":true,"valueName":"search_term_string"}}],"inLanguage":"de-CH"},{"@type":"Organization","@id":"https:\/\/digitalculturesandarts.ch\/#organization","name":"digitale kulturen und k\u00fcnste","alternateName":"digitale kulturen und k\u00fcnste","url":"https:\/\/digitalculturesandarts.ch\/","logo":{"@type":"ImageObject","inLanguage":"de-CH","@id":"https:\/\/digitalculturesandarts.ch\/#\/schema\/logo\/image\/","url":"https:\/\/digitalculturesandarts.ch\/wp-content\/uploads\/2025\/04\/cropped-col.png","contentUrl":"https:\/\/digitalculturesandarts.ch\/wp-content\/uploads\/2025\/04\/cropped-col.png","width":512,"height":512,"caption":"digital cultures and arts"},"image":{"@id":"https:\/\/digitalculturesandarts.ch\/#\/schema\/logo\/image\/"},"sameAs":["https:\/\/www.instagram.com\/digitalculturesandarts\/"]},{"@type":"Person","@id":"https:\/\/digitalculturesandarts.ch\/#\/schema\/person\/294bc711a635d139193f51c0a1cf456a","name":"Lars","image":{"@type":"ImageObject","inLanguage":"de-CH","@id":"https:\/\/secure.gravatar.com\/avatar\/f6e722b128afda74ecd5a565b332c1fcb022f1fe25ef4c1d5570b6232a140524?s=96&d=mm&r=g","url":"https:\/\/secure.gravatar.com\/avatar\/f6e722b128afda74ecd5a565b332c1fcb022f1fe25ef4c1d5570b6232a140524?s=96&d=mm&r=g","contentUrl":"https:\/\/secure.gravatar.com\/avatar\/f6e722b128afda74ecd5a565b332c1fcb022f1fe25ef4c1d5570b6232a140524?s=96&d=mm&r=g","caption":"Lars"},"url":"https:\/\/digitalculturesandarts.ch\/de\/author\/admin\/"}]}},"mfb_rest_fields":["title","yoast_head","yoast_head_json"],"_links":{"self":[{"href":"https:\/\/digitalculturesandarts.ch\/de\/wp-json\/wp\/v2\/posts\/6803","targetHints":{"allow":["GET"]}}],"collection":[{"href":"https:\/\/digitalculturesandarts.ch\/de\/wp-json\/wp\/v2\/posts"}],"about":[{"href":"https:\/\/digitalculturesandarts.ch\/de\/wp-json\/wp\/v2\/types\/post"}],"author":[{"embeddable":true,"href":"https:\/\/digitalculturesandarts.ch\/de\/wp-json\/wp\/v2\/users\/2"}],"replies":[{"embeddable":true,"href":"https:\/\/digitalculturesandarts.ch\/de\/wp-json\/wp\/v2\/comments?post=6803"}],"version-history":[{"count":2,"href":"https:\/\/digitalculturesandarts.ch\/de\/wp-json\/wp\/v2\/posts\/6803\/revisions"}],"predecessor-version":[{"id":6831,"href":"https:\/\/digitalculturesandarts.ch\/de\/wp-json\/wp\/v2\/posts\/6803\/revisions\/6831"}],"wp:featuredmedia":[{"embeddable":true,"href":"https:\/\/digitalculturesandarts.ch\/de\/wp-json\/wp\/v2\/media\/6805"}],"wp:attachment":[{"href":"https:\/\/digitalculturesandarts.ch\/de\/wp-json\/wp\/v2\/media?parent=6803"}],"wp:term":[{"taxonomy":"category","embeddable":true,"href":"https:\/\/digitalculturesandarts.ch\/de\/wp-json\/wp\/v2\/categories?post=6803"},{"taxonomy":"post_tag","embeddable":true,"href":"https:\/\/digitalculturesandarts.ch\/de\/wp-json\/wp\/v2\/tags?post=6803"}],"curies":[{"name":"wp","href":"https:\/\/api.w.org\/{rel}","templated":true}]}}