{"id":6759,"date":"2026-02-26T12:49:49","date_gmt":"2026-02-26T12:49:49","guid":{"rendered":"https:\/\/digitalculturesandarts.ch\/?p=6759"},"modified":"2026-02-26T14:46:45","modified_gmt":"2026-02-26T14:46:45","slug":"vortrag-und-gesprach-mit-daniel-m-feige-zu-seinem-buch-kritik-der-digitalisierung","status":"publish","type":"post","link":"https:\/\/digitalculturesandarts.ch\/de\/vortrag-und-gesprach-mit-daniel-m-feige-zu-seinem-buch-kritik-der-digitalisierung\/","title":{"rendered":"(F\u00e4llt aus) Vortrag und Gespr\u00e4ch mit Daniel M. Feige zu seinem Buch \u00abKritik der Digitalisierung\u00bb"},"content":{"rendered":"<p class=\"\"><mark style=\"background-color:#ffc3c3\" class=\"has-inline-color has-contrast-color\">Wichtig: Der Vortrag f\u00e4llt aus Krankheitsgr\u00fcnden leider aus. <\/mark><\/p>\n\n\n\n<p class=\"\">Toni-Areal, H\u00f6rsaal 1, Ebene 3, Pfingstweidstrasse 96, Z\u00fcrich<\/p>\n\n\n\n<p class=\"\">\u2039Digitalisierung\u203a ist in aller Munde: Ihre mangelhafte Umsetzung wird ebenso angemahnt, wie vor ihren Folgen gewarnt wird. Das <a href=\"http:\/\/meiner.de\/fmv_de\/kritik-der-digitalisierung-17366\">neue Buch<\/a> von Daniel Martin Feige zeigt, dass die mit der Digitalisierung verbundenen Technologien weder neutrale noch unschuldige Mittel zu beliebigen Zwecken sind und soziale Medien keine Orte des Diskurses. Es weist nach, dass wir Begriffe wie Geist, Denken und Handeln KI-Systemen nicht sinnvoll zuschreiben k\u00f6nnen und entsprechende Diskurse einer Umarbeitung von Begriffen dienen, die wir eigentlich nur auf Menschen anwenden k\u00f6nnen.<\/p>\n\n\n\n<p class=\"\">Daniel Martin Feige ist Professor f\u00fcr Philosophie und \u00c4sthetik an der Staatlichen Akademie der Bildenden K\u00fcnste Stuttgart.<\/p>\n\n\n\n<p class=\"\">Im Gespr\u00e4ch mit <a href=\"https:\/\/www.zhdk.ch\/person\/prof-dr-judith-siegmund-209154\">Judith Siegmund<\/a> und <a href=\"https:\/\/digitalculturesandarts.ch\/de\/people\/roland-meyer\/\">Roland Meyer<\/a>.<\/p>\n\n\n\n<p class=\"\"><\/p>","protected":false},"excerpt":{"rendered":"<p>Wichtig: Der Vortrag f\u00e4llt aus Krankheitsgr\u00fcnden leider aus. Toni-Areal, H\u00f6rsaal 1, Ebene 3, Pfingstweidstrasse 96, Z\u00fcrich \u2039Digitalisierung\u203a ist in aller Munde: Ihre mangelhafte Umsetzung wird ebenso angemahnt, wie vor ihren Folgen gewarnt wird. Das neue Buch von Daniel Martin Feige zeigt, dass die mit der Digitalisierung verbundenen Technologien weder neutrale noch unschuldige Mittel zu beliebigen [&hellip;]<\/p>\n","protected":false},"author":2,"featured_media":6761,"comment_status":"closed","ping_status":"closed","sticky":false,"template":"","format":"standard","meta":{"nf_dc_page":"","_coblocks_attr":"","_coblocks_dimensions":"","_coblocks_responsive_height":"","_coblocks_accordion_ie_support":"","_FSMCFIC_featured_image_caption":"","_FSMCFIC_featured_image_nocaption":"","_FSMCFIC_featured_image_hide":"","footnotes":""},"categories":[15],"tags":[],"class_list":["post-6759","post","type-post","status-publish","format-standard","has-post-thumbnail","hentry","category-event"],"mb":[],"yoast_head":"<!-- This site is optimized with the Yoast SEO plugin v27.4 - https:\/\/yoast.com\/product\/yoast-seo-wordpress\/ -->\n<title>(F\u00e4llt aus) Vortrag und Gespr\u00e4ch mit Daniel M. Feige zu seinem Buch \u00abKritik der Digitalisierung\u00bb - digital cultures and arts<\/title>\n<meta name=\"robots\" content=\"index, follow, max-snippet:-1, max-image-preview:large, max-video-preview:-1\" \/>\n<link rel=\"canonical\" href=\"https:\/\/digitalculturesandarts.ch\/de\/vortrag-und-gesprach-mit-daniel-m-feige-zu-seinem-buch-kritik-der-digitalisierung\/\" \/>\n<meta property=\"og:locale\" content=\"de_DE\" \/>\n<meta property=\"og:type\" content=\"article\" \/>\n<meta property=\"og:title\" content=\"(F\u00e4llt aus) Vortrag und Gespr\u00e4ch mit Daniel M. Feige zu seinem Buch \u00abKritik der Digitalisierung\u00bb - digital cultures and arts\" \/>\n<meta property=\"og:description\" content=\"Wichtig: Der Vortrag f\u00e4llt aus Krankheitsgr\u00fcnden leider aus. Toni-Areal, H\u00f6rsaal 1, Ebene 3, Pfingstweidstrasse 96, Z\u00fcrich \u2039Digitalisierung\u203a ist in aller Munde: Ihre mangelhafte Umsetzung wird ebenso angemahnt, wie vor ihren Folgen gewarnt wird. Das neue Buch von Daniel Martin Feige zeigt, dass die mit der Digitalisierung verbundenen Technologien weder neutrale noch unschuldige Mittel zu beliebigen [&hellip;]\" \/>\n<meta property=\"og:url\" content=\"https:\/\/digitalculturesandarts.ch\/de\/vortrag-und-gesprach-mit-daniel-m-feige-zu-seinem-buch-kritik-der-digitalisierung\/\" \/>\n<meta property=\"og:site_name\" content=\"digital cultures and arts\" \/>\n<meta property=\"article:published_time\" content=\"2026-02-26T12:49:49+00:00\" \/>\n<meta property=\"article:modified_time\" content=\"2026-02-26T14:46:45+00:00\" \/>\n<meta property=\"og:image\" content=\"https:\/\/digitalculturesandarts.ch\/wp-content\/uploads\/2026\/01\/duotone-8.png\" \/>\n\t<meta property=\"og:image:width\" content=\"1280\" \/>\n\t<meta property=\"og:image:height\" content=\"1941\" \/>\n\t<meta property=\"og:image:type\" content=\"image\/png\" \/>\n<meta name=\"author\" content=\"Lars\" \/>\n<meta name=\"twitter:card\" content=\"summary_large_image\" \/>\n<script type=\"application\/ld+json\" class=\"yoast-schema-graph\">{\"@context\":\"https:\\\/\\\/schema.org\",\"@graph\":[{\"@type\":\"Article\",\"@id\":\"https:\\\/\\\/digitalculturesandarts.ch\\\/vortrag-und-gesprach-mit-daniel-m-feige-zu-seinem-buch-kritik-der-digitalisierung\\\/#article\",\"isPartOf\":{\"@id\":\"https:\\\/\\\/digitalculturesandarts.ch\\\/vortrag-und-gesprach-mit-daniel-m-feige-zu-seinem-buch-kritik-der-digitalisierung\\\/\"},\"author\":{\"name\":\"Lars\",\"@id\":\"https:\\\/\\\/digitalculturesandarts.ch\\\/#\\\/schema\\\/person\\\/294bc711a635d139193f51c0a1cf456a\"},\"headline\":\"(F\u00e4llt aus) Vortrag und Gespr\u00e4ch mit Daniel M. Feige zu seinem Buch \u00abKritik der Digitalisierung\u00bb\",\"datePublished\":\"2026-02-26T12:49:49+00:00\",\"dateModified\":\"2026-02-26T14:46:45+00:00\",\"mainEntityOfPage\":{\"@id\":\"https:\\\/\\\/digitalculturesandarts.ch\\\/vortrag-und-gesprach-mit-daniel-m-feige-zu-seinem-buch-kritik-der-digitalisierung\\\/\"},\"wordCount\":144,\"publisher\":{\"@id\":\"https:\\\/\\\/digitalculturesandarts.ch\\\/#organization\"},\"image\":{\"@id\":\"https:\\\/\\\/digitalculturesandarts.ch\\\/vortrag-und-gesprach-mit-daniel-m-feige-zu-seinem-buch-kritik-der-digitalisierung\\\/#primaryimage\"},\"thumbnailUrl\":\"https:\\\/\\\/digitalculturesandarts.ch\\\/wp-content\\\/uploads\\\/2026\\\/01\\\/duotone-8.png\",\"articleSection\":[\"Event\"],\"inLanguage\":\"de-CH\"},{\"@type\":\"WebPage\",\"@id\":\"https:\\\/\\\/digitalculturesandarts.ch\\\/vortrag-und-gesprach-mit-daniel-m-feige-zu-seinem-buch-kritik-der-digitalisierung\\\/\",\"url\":\"https:\\\/\\\/digitalculturesandarts.ch\\\/vortrag-und-gesprach-mit-daniel-m-feige-zu-seinem-buch-kritik-der-digitalisierung\\\/\",\"name\":\"(F\u00e4llt aus) Vortrag und Gespr\u00e4ch mit Daniel M. Feige zu seinem Buch \u00abKritik der Digitalisierung\u00bb - digital cultures and arts\",\"isPartOf\":{\"@id\":\"https:\\\/\\\/digitalculturesandarts.ch\\\/#website\"},\"primaryImageOfPage\":{\"@id\":\"https:\\\/\\\/digitalculturesandarts.ch\\\/vortrag-und-gesprach-mit-daniel-m-feige-zu-seinem-buch-kritik-der-digitalisierung\\\/#primaryimage\"},\"image\":{\"@id\":\"https:\\\/\\\/digitalculturesandarts.ch\\\/vortrag-und-gesprach-mit-daniel-m-feige-zu-seinem-buch-kritik-der-digitalisierung\\\/#primaryimage\"},\"thumbnailUrl\":\"https:\\\/\\\/digitalculturesandarts.ch\\\/wp-content\\\/uploads\\\/2026\\\/01\\\/duotone-8.png\",\"datePublished\":\"2026-02-26T12:49:49+00:00\",\"dateModified\":\"2026-02-26T14:46:45+00:00\",\"breadcrumb\":{\"@id\":\"https:\\\/\\\/digitalculturesandarts.ch\\\/vortrag-und-gesprach-mit-daniel-m-feige-zu-seinem-buch-kritik-der-digitalisierung\\\/#breadcrumb\"},\"inLanguage\":\"de-CH\",\"potentialAction\":[{\"@type\":\"ReadAction\",\"target\":[\"https:\\\/\\\/digitalculturesandarts.ch\\\/vortrag-und-gesprach-mit-daniel-m-feige-zu-seinem-buch-kritik-der-digitalisierung\\\/\"]}]},{\"@type\":\"ImageObject\",\"inLanguage\":\"de-CH\",\"@id\":\"https:\\\/\\\/digitalculturesandarts.ch\\\/vortrag-und-gesprach-mit-daniel-m-feige-zu-seinem-buch-kritik-der-digitalisierung\\\/#primaryimage\",\"url\":\"https:\\\/\\\/digitalculturesandarts.ch\\\/wp-content\\\/uploads\\\/2026\\\/01\\\/duotone-8.png\",\"contentUrl\":\"https:\\\/\\\/digitalculturesandarts.ch\\\/wp-content\\\/uploads\\\/2026\\\/01\\\/duotone-8.png\",\"width\":1280,\"height\":1941},{\"@type\":\"BreadcrumbList\",\"@id\":\"https:\\\/\\\/digitalculturesandarts.ch\\\/vortrag-und-gesprach-mit-daniel-m-feige-zu-seinem-buch-kritik-der-digitalisierung\\\/#breadcrumb\",\"itemListElement\":[{\"@type\":\"ListItem\",\"position\":1,\"name\":\"Home\",\"item\":\"https:\\\/\\\/digitalculturesandarts.ch\\\/\"},{\"@type\":\"ListItem\",\"position\":2,\"name\":\"(F\u00e4llt aus) Vortrag und Gespr\u00e4ch mit Daniel M. Feige zu seinem Buch \u00abKritik der Digitalisierung\u00bb\"}]},{\"@type\":\"WebSite\",\"@id\":\"https:\\\/\\\/digitalculturesandarts.ch\\\/#website\",\"url\":\"https:\\\/\\\/digitalculturesandarts.ch\\\/\",\"name\":\"digital cultures and arts\",\"description\":\"Bridge Professorship between the University of Zurich and Zurich University of the Arts\",\"publisher\":{\"@id\":\"https:\\\/\\\/digitalculturesandarts.ch\\\/#organization\"},\"alternateName\":\"digitale kulturen und k\u00fcnste\",\"potentialAction\":[{\"@type\":\"SearchAction\",\"target\":{\"@type\":\"EntryPoint\",\"urlTemplate\":\"https:\\\/\\\/digitalculturesandarts.ch\\\/?s={search_term_string}\"},\"query-input\":{\"@type\":\"PropertyValueSpecification\",\"valueRequired\":true,\"valueName\":\"search_term_string\"}}],\"inLanguage\":\"de-CH\"},{\"@type\":\"Organization\",\"@id\":\"https:\\\/\\\/digitalculturesandarts.ch\\\/#organization\",\"name\":\"digital cultures and arts\",\"alternateName\":\"digitale kulturen und k\u00fcnste\",\"url\":\"https:\\\/\\\/digitalculturesandarts.ch\\\/\",\"logo\":{\"@type\":\"ImageObject\",\"inLanguage\":\"de-CH\",\"@id\":\"https:\\\/\\\/digitalculturesandarts.ch\\\/#\\\/schema\\\/logo\\\/image\\\/\",\"url\":\"https:\\\/\\\/digitalculturesandarts.ch\\\/wp-content\\\/uploads\\\/2025\\\/04\\\/cropped-col.png\",\"contentUrl\":\"https:\\\/\\\/digitalculturesandarts.ch\\\/wp-content\\\/uploads\\\/2025\\\/04\\\/cropped-col.png\",\"width\":512,\"height\":512,\"caption\":\"digital cultures and arts\"},\"image\":{\"@id\":\"https:\\\/\\\/digitalculturesandarts.ch\\\/#\\\/schema\\\/logo\\\/image\\\/\"},\"sameAs\":[\"https:\\\/\\\/www.instagram.com\\\/digitalculturesandarts\\\/\"]},{\"@type\":\"Person\",\"@id\":\"https:\\\/\\\/digitalculturesandarts.ch\\\/#\\\/schema\\\/person\\\/294bc711a635d139193f51c0a1cf456a\",\"name\":\"Lars\",\"image\":{\"@type\":\"ImageObject\",\"inLanguage\":\"de-CH\",\"@id\":\"https:\\\/\\\/secure.gravatar.com\\\/avatar\\\/f6e722b128afda74ecd5a565b332c1fcb022f1fe25ef4c1d5570b6232a140524?s=96&d=mm&r=g\",\"url\":\"https:\\\/\\\/secure.gravatar.com\\\/avatar\\\/f6e722b128afda74ecd5a565b332c1fcb022f1fe25ef4c1d5570b6232a140524?s=96&d=mm&r=g\",\"contentUrl\":\"https:\\\/\\\/secure.gravatar.com\\\/avatar\\\/f6e722b128afda74ecd5a565b332c1fcb022f1fe25ef4c1d5570b6232a140524?s=96&d=mm&r=g\",\"caption\":\"Lars\"},\"url\":\"https:\\\/\\\/digitalculturesandarts.ch\\\/de\\\/author\\\/admin\\\/\"}]}<\/script>\n<!-- \/ Yoast SEO plugin. -->","yoast_head_json":{"title":"(F\u00e4llt aus) Vortrag und Gespr\u00e4ch mit Daniel M. Feige zu seinem Buch \u00abKritik der Digitalisierung\u00bb - digital cultures and arts","robots":{"index":"index","follow":"follow","max-snippet":"max-snippet:-1","max-image-preview":"max-image-preview:large","max-video-preview":"max-video-preview:-1"},"canonical":"https:\/\/digitalculturesandarts.ch\/de\/vortrag-und-gesprach-mit-daniel-m-feige-zu-seinem-buch-kritik-der-digitalisierung\/","og_locale":"de_DE","og_type":"article","og_title":"(F\u00e4llt aus) Vortrag und Gespr\u00e4ch mit Daniel M. Feige zu seinem Buch \u00abKritik der Digitalisierung\u00bb - digital cultures and arts","og_description":"Wichtig: Der Vortrag f\u00e4llt aus Krankheitsgr\u00fcnden leider aus. Toni-Areal, H\u00f6rsaal 1, Ebene 3, Pfingstweidstrasse 96, Z\u00fcrich \u2039Digitalisierung\u203a ist in aller Munde: Ihre mangelhafte Umsetzung wird ebenso angemahnt, wie vor ihren Folgen gewarnt wird. Das neue Buch von Daniel Martin Feige zeigt, dass die mit der Digitalisierung verbundenen Technologien weder neutrale noch unschuldige Mittel zu beliebigen [&hellip;]","og_url":"https:\/\/digitalculturesandarts.ch\/de\/vortrag-und-gesprach-mit-daniel-m-feige-zu-seinem-buch-kritik-der-digitalisierung\/","og_site_name":"digital cultures and arts","article_published_time":"2026-02-26T12:49:49+00:00","article_modified_time":"2026-02-26T14:46:45+00:00","og_image":[{"width":1280,"height":1941,"url":"https:\/\/digitalculturesandarts.ch\/wp-content\/uploads\/2026\/01\/duotone-8.png","type":"image\/png"}],"author":"Lars","twitter_card":"summary_large_image","schema":{"@context":"https:\/\/schema.org","@graph":[{"@type":"Article","@id":"https:\/\/digitalculturesandarts.ch\/vortrag-und-gesprach-mit-daniel-m-feige-zu-seinem-buch-kritik-der-digitalisierung\/#article","isPartOf":{"@id":"https:\/\/digitalculturesandarts.ch\/vortrag-und-gesprach-mit-daniel-m-feige-zu-seinem-buch-kritik-der-digitalisierung\/"},"author":{"name":"Lars","@id":"https:\/\/digitalculturesandarts.ch\/#\/schema\/person\/294bc711a635d139193f51c0a1cf456a"},"headline":"(F\u00e4llt aus) Vortrag und Gespr\u00e4ch mit Daniel M. Feige zu seinem Buch \u00abKritik der Digitalisierung\u00bb","datePublished":"2026-02-26T12:49:49+00:00","dateModified":"2026-02-26T14:46:45+00:00","mainEntityOfPage":{"@id":"https:\/\/digitalculturesandarts.ch\/vortrag-und-gesprach-mit-daniel-m-feige-zu-seinem-buch-kritik-der-digitalisierung\/"},"wordCount":144,"publisher":{"@id":"https:\/\/digitalculturesandarts.ch\/#organization"},"image":{"@id":"https:\/\/digitalculturesandarts.ch\/vortrag-und-gesprach-mit-daniel-m-feige-zu-seinem-buch-kritik-der-digitalisierung\/#primaryimage"},"thumbnailUrl":"https:\/\/digitalculturesandarts.ch\/wp-content\/uploads\/2026\/01\/duotone-8.png","articleSection":["Event"],"inLanguage":"de-CH"},{"@type":"WebPage","@id":"https:\/\/digitalculturesandarts.ch\/vortrag-und-gesprach-mit-daniel-m-feige-zu-seinem-buch-kritik-der-digitalisierung\/","url":"https:\/\/digitalculturesandarts.ch\/vortrag-und-gesprach-mit-daniel-m-feige-zu-seinem-buch-kritik-der-digitalisierung\/","name":"(F\u00e4llt aus) Vortrag und Gespr\u00e4ch mit Daniel M. Feige zu seinem Buch \u00abKritik der Digitalisierung\u00bb - digital cultures and arts","isPartOf":{"@id":"https:\/\/digitalculturesandarts.ch\/#website"},"primaryImageOfPage":{"@id":"https:\/\/digitalculturesandarts.ch\/vortrag-und-gesprach-mit-daniel-m-feige-zu-seinem-buch-kritik-der-digitalisierung\/#primaryimage"},"image":{"@id":"https:\/\/digitalculturesandarts.ch\/vortrag-und-gesprach-mit-daniel-m-feige-zu-seinem-buch-kritik-der-digitalisierung\/#primaryimage"},"thumbnailUrl":"https:\/\/digitalculturesandarts.ch\/wp-content\/uploads\/2026\/01\/duotone-8.png","datePublished":"2026-02-26T12:49:49+00:00","dateModified":"2026-02-26T14:46:45+00:00","breadcrumb":{"@id":"https:\/\/digitalculturesandarts.ch\/vortrag-und-gesprach-mit-daniel-m-feige-zu-seinem-buch-kritik-der-digitalisierung\/#breadcrumb"},"inLanguage":"de-CH","potentialAction":[{"@type":"ReadAction","target":["https:\/\/digitalculturesandarts.ch\/vortrag-und-gesprach-mit-daniel-m-feige-zu-seinem-buch-kritik-der-digitalisierung\/"]}]},{"@type":"ImageObject","inLanguage":"de-CH","@id":"https:\/\/digitalculturesandarts.ch\/vortrag-und-gesprach-mit-daniel-m-feige-zu-seinem-buch-kritik-der-digitalisierung\/#primaryimage","url":"https:\/\/digitalculturesandarts.ch\/wp-content\/uploads\/2026\/01\/duotone-8.png","contentUrl":"https:\/\/digitalculturesandarts.ch\/wp-content\/uploads\/2026\/01\/duotone-8.png","width":1280,"height":1941},{"@type":"BreadcrumbList","@id":"https:\/\/digitalculturesandarts.ch\/vortrag-und-gesprach-mit-daniel-m-feige-zu-seinem-buch-kritik-der-digitalisierung\/#breadcrumb","itemListElement":[{"@type":"ListItem","position":1,"name":"Home","item":"https:\/\/digitalculturesandarts.ch\/"},{"@type":"ListItem","position":2,"name":"(F\u00e4llt aus) Vortrag und Gespr\u00e4ch mit Daniel M. Feige zu seinem Buch \u00abKritik der Digitalisierung\u00bb"}]},{"@type":"WebSite","@id":"https:\/\/digitalculturesandarts.ch\/#website","url":"https:\/\/digitalculturesandarts.ch\/","name":"digitale kulturen und k\u00fcnste","description":"Bridge Professorship between the University of Zurich and Zurich University of the Arts","publisher":{"@id":"https:\/\/digitalculturesandarts.ch\/#organization"},"alternateName":"digitale kulturen und k\u00fcnste","potentialAction":[{"@type":"SearchAction","target":{"@type":"EntryPoint","urlTemplate":"https:\/\/digitalculturesandarts.ch\/?s={search_term_string}"},"query-input":{"@type":"PropertyValueSpecification","valueRequired":true,"valueName":"search_term_string"}}],"inLanguage":"de-CH"},{"@type":"Organization","@id":"https:\/\/digitalculturesandarts.ch\/#organization","name":"digitale kulturen und k\u00fcnste","alternateName":"digitale kulturen und k\u00fcnste","url":"https:\/\/digitalculturesandarts.ch\/","logo":{"@type":"ImageObject","inLanguage":"de-CH","@id":"https:\/\/digitalculturesandarts.ch\/#\/schema\/logo\/image\/","url":"https:\/\/digitalculturesandarts.ch\/wp-content\/uploads\/2025\/04\/cropped-col.png","contentUrl":"https:\/\/digitalculturesandarts.ch\/wp-content\/uploads\/2025\/04\/cropped-col.png","width":512,"height":512,"caption":"digital cultures and arts"},"image":{"@id":"https:\/\/digitalculturesandarts.ch\/#\/schema\/logo\/image\/"},"sameAs":["https:\/\/www.instagram.com\/digitalculturesandarts\/"]},{"@type":"Person","@id":"https:\/\/digitalculturesandarts.ch\/#\/schema\/person\/294bc711a635d139193f51c0a1cf456a","name":"Lars","image":{"@type":"ImageObject","inLanguage":"de-CH","@id":"https:\/\/secure.gravatar.com\/avatar\/f6e722b128afda74ecd5a565b332c1fcb022f1fe25ef4c1d5570b6232a140524?s=96&d=mm&r=g","url":"https:\/\/secure.gravatar.com\/avatar\/f6e722b128afda74ecd5a565b332c1fcb022f1fe25ef4c1d5570b6232a140524?s=96&d=mm&r=g","contentUrl":"https:\/\/secure.gravatar.com\/avatar\/f6e722b128afda74ecd5a565b332c1fcb022f1fe25ef4c1d5570b6232a140524?s=96&d=mm&r=g","caption":"Lars"},"url":"https:\/\/digitalculturesandarts.ch\/de\/author\/admin\/"}]}},"mfb_rest_fields":["title","yoast_head","yoast_head_json"],"_links":{"self":[{"href":"https:\/\/digitalculturesandarts.ch\/de\/wp-json\/wp\/v2\/posts\/6759","targetHints":{"allow":["GET"]}}],"collection":[{"href":"https:\/\/digitalculturesandarts.ch\/de\/wp-json\/wp\/v2\/posts"}],"about":[{"href":"https:\/\/digitalculturesandarts.ch\/de\/wp-json\/wp\/v2\/types\/post"}],"author":[{"embeddable":true,"href":"https:\/\/digitalculturesandarts.ch\/de\/wp-json\/wp\/v2\/users\/2"}],"replies":[{"embeddable":true,"href":"https:\/\/digitalculturesandarts.ch\/de\/wp-json\/wp\/v2\/comments?post=6759"}],"version-history":[{"count":12,"href":"https:\/\/digitalculturesandarts.ch\/de\/wp-json\/wp\/v2\/posts\/6759\/revisions"}],"predecessor-version":[{"id":6775,"href":"https:\/\/digitalculturesandarts.ch\/de\/wp-json\/wp\/v2\/posts\/6759\/revisions\/6775"}],"wp:featuredmedia":[{"embeddable":true,"href":"https:\/\/digitalculturesandarts.ch\/de\/wp-json\/wp\/v2\/media\/6761"}],"wp:attachment":[{"href":"https:\/\/digitalculturesandarts.ch\/de\/wp-json\/wp\/v2\/media?parent=6759"}],"wp:term":[{"taxonomy":"category","embeddable":true,"href":"https:\/\/digitalculturesandarts.ch\/de\/wp-json\/wp\/v2\/categories?post=6759"},{"taxonomy":"post_tag","embeddable":true,"href":"https:\/\/digitalculturesandarts.ch\/de\/wp-json\/wp\/v2\/tags?post=6759"}],"curies":[{"name":"wp","href":"https:\/\/api.w.org\/{rel}","templated":true}]}}