{"id":6671,"date":"2025-11-15T14:21:50","date_gmt":"2025-11-15T14:21:50","guid":{"rendered":"https:\/\/digitalculturesandarts.ch\/?p=6671"},"modified":"2025-12-05T21:27:35","modified_gmt":"2025-12-05T21:27:35","slug":"kathrin-trattner-rechtsextremismus-und-gaming-eine-feldskizze","status":"publish","type":"post","link":"https:\/\/digitalculturesandarts.ch\/de\/kathrin-trattner-rechtsextremismus-und-gaming-eine-feldskizze\/","title":{"rendered":"Kathrin Trattner: \u00abRechtsextremismus und Gaming: Eine Feldskizze\u00bb"},"content":{"rendered":"<p class=\"\">Veranstaltungsort: H\u00f6rsaal KOL-H-312, R\u00e4mistrasse 71, 8001 Z\u00fcrich<\/p>\n\n\n\n<p class=\"\">Im Rahmen der Ringvorlesung \u00abKulturanalyse jetzt!\u00bb wird <a href=\"https:\/\/digitalculturesandarts.ch\/de\/people\/dr-kathrin-trattner\/\">Kathrin Trattner<\/a> am 27. November 2025 von 18:15 bis 20:00 zu Rechtsextremismus und Gaming vortragen.<\/p>\n\n\n\n<p class=\"\"><strong> \u00abKulturanalyse jetzt!\u00bb<\/strong><\/p>\n\n\n\n<p class=\"\">Was ist jetzt? Wie ist es dazu gekommen? Und was ist im Kommen? Diese Fragen stehen im Zentrum der Ring\u00advorlesung \u00abKulturanalyse jetzt!\u00bb. Die Beitr\u00e4ge in Form von Vortr\u00e4gen und Gespr\u00e4chen mit G\u00e4sten fokussieren auf die Jetzt\u00adzeit, prakti\u00adzieren, was Hegel als \u00abdie Zeit in Gedanken erfasst\u00bb bezeichnet hat. Es geht um die Fragen, welche die Gegen\u00adwart aufwirft, die Probleme, mit denen sie uns kon\u00adfron\u00adtiert. In den Beitr\u00e4gen werden die Ereignisse der Gegen\u00adwart aus pers\u00f6nlicher, fach\u00adlicher und k\u00fcnstle\u00adri\u00adscher Perspektive analysiert, um \u00fcber die kulturellen, sozialen, poli\u00adtischen, wirt\u00adschaft\u00adlichen und \u00e4sthe\u00adtischen Kon\u00adsequen\u00adzen dieser Gegen\u00adwart nach\u00adzudenken.<\/p>\n\n\n\n<p class=\"\">Was uns in diesem Jahr besch\u00e4ftigt, ist \u00abDie Globale Rechte. Geschichte, Narrative, Netzwerke\u00bb. Wir fragen von einer inter\u00addisziplin\u00e4ren Perspektive aus nach den Her\u00adk\u00fcnften, Entwick\u00adlungen und Manifesta\u00adtionen der neuen Rechten, untersuchen ihre Strategien, Narrative und politischen Inhalte und wollen zudem auf ihre Netz\u00adwerke im weitesten Sinne blicken, durch welche das Lokale mit dem Globalen verbunden wird.<\/p>\n\n\n\n<p class=\"\"><a href=\"https:\/\/www.kulturanalyse.uzh.ch\/de\/veranstaltungen\/Ringvorlesung-HS-2025.html\">Mehr Informationen<\/a><\/p>\n\n\n\n<p class=\"\"><\/p>","protected":false},"excerpt":{"rendered":"<p>Veranstaltungsort: H\u00f6rsaal KOL-H-312, R\u00e4mistrasse 71, 8001 Z\u00fcrich Im Rahmen der Ringvorlesung \u00abKulturanalyse jetzt!\u00bb wird Kathrin Trattner am 27. November 2025 von 18:15 bis 20:00 zu Rechtsextremismus und Gaming vortragen. \u00abKulturanalyse jetzt!\u00bb Was ist jetzt? Wie ist es dazu gekommen? Und was ist im Kommen? Diese Fragen stehen im Zentrum der Ring\u00advorlesung \u00abKulturanalyse jetzt!\u00bb. Die Beitr\u00e4ge [&hellip;]<\/p>\n","protected":false},"author":2,"featured_media":6674,"comment_status":"closed","ping_status":"closed","sticky":false,"template":"","format":"standard","meta":{"nf_dc_page":"","_coblocks_attr":"","_coblocks_dimensions":"","_coblocks_responsive_height":"","_coblocks_accordion_ie_support":"","_FSMCFIC_featured_image_caption":"","_FSMCFIC_featured_image_nocaption":"","_FSMCFIC_featured_image_hide":"","footnotes":""},"categories":[15],"tags":[],"class_list":["post-6671","post","type-post","status-publish","format-standard","has-post-thumbnail","hentry","category-event"],"mb":[],"yoast_head":"<!-- This site is optimized with the Yoast SEO plugin v27.4 - https:\/\/yoast.com\/product\/yoast-seo-wordpress\/ -->\n<title>Kathrin Trattner: \u00abRechtsextremismus und Gaming: Eine Feldskizze\u00bb - digital cultures and arts<\/title>\n<meta name=\"robots\" content=\"index, follow, max-snippet:-1, max-image-preview:large, max-video-preview:-1\" \/>\n<link rel=\"canonical\" href=\"https:\/\/digitalculturesandarts.ch\/de\/kathrin-trattner-rechtsextremismus-und-gaming-eine-feldskizze\/\" \/>\n<meta property=\"og:locale\" content=\"de_DE\" \/>\n<meta property=\"og:type\" content=\"article\" \/>\n<meta property=\"og:title\" content=\"Kathrin Trattner: \u00abRechtsextremismus und Gaming: Eine Feldskizze\u00bb - digital cultures and arts\" \/>\n<meta property=\"og:description\" content=\"Veranstaltungsort: H\u00f6rsaal KOL-H-312, R\u00e4mistrasse 71, 8001 Z\u00fcrich Im Rahmen der Ringvorlesung \u00abKulturanalyse jetzt!\u00bb wird Kathrin Trattner am 27. November 2025 von 18:15 bis 20:00 zu Rechtsextremismus und Gaming vortragen. \u00abKulturanalyse jetzt!\u00bb Was ist jetzt? Wie ist es dazu gekommen? Und was ist im Kommen? Diese Fragen stehen im Zentrum der Ring\u00advorlesung \u00abKulturanalyse jetzt!\u00bb. Die Beitr\u00e4ge [&hellip;]\" \/>\n<meta property=\"og:url\" content=\"https:\/\/digitalculturesandarts.ch\/de\/kathrin-trattner-rechtsextremismus-und-gaming-eine-feldskizze\/\" \/>\n<meta property=\"og:site_name\" content=\"digital cultures and arts\" \/>\n<meta property=\"article:published_time\" content=\"2025-11-15T14:21:50+00:00\" \/>\n<meta property=\"article:modified_time\" content=\"2025-12-05T21:27:35+00:00\" \/>\n<meta property=\"og:image\" content=\"https:\/\/digitalculturesandarts.ch\/wp-content\/uploads\/2025\/11\/duotone.png\" \/>\n\t<meta property=\"og:image:width\" content=\"2034\" \/>\n\t<meta property=\"og:image:height\" content=\"2310\" \/>\n\t<meta property=\"og:image:type\" content=\"image\/png\" \/>\n<meta name=\"author\" content=\"Lars\" \/>\n<meta name=\"twitter:card\" content=\"summary_large_image\" \/>\n<script type=\"application\/ld+json\" class=\"yoast-schema-graph\">{\"@context\":\"https:\\\/\\\/schema.org\",\"@graph\":[{\"@type\":\"Article\",\"@id\":\"https:\\\/\\\/digitalculturesandarts.ch\\\/kathrin-trattner-rechtsextremismus-und-gaming-eine-feldskizze\\\/#article\",\"isPartOf\":{\"@id\":\"https:\\\/\\\/digitalculturesandarts.ch\\\/kathrin-trattner-rechtsextremismus-und-gaming-eine-feldskizze\\\/\"},\"author\":{\"name\":\"Lars\",\"@id\":\"https:\\\/\\\/digitalculturesandarts.ch\\\/#\\\/schema\\\/person\\\/294bc711a635d139193f51c0a1cf456a\"},\"headline\":\"Kathrin Trattner: \u00abRechtsextremismus und Gaming: Eine Feldskizze\u00bb\",\"datePublished\":\"2025-11-15T14:21:50+00:00\",\"dateModified\":\"2025-12-05T21:27:35+00:00\",\"mainEntityOfPage\":{\"@id\":\"https:\\\/\\\/digitalculturesandarts.ch\\\/kathrin-trattner-rechtsextremismus-und-gaming-eine-feldskizze\\\/\"},\"wordCount\":216,\"publisher\":{\"@id\":\"https:\\\/\\\/digitalculturesandarts.ch\\\/#organization\"},\"image\":{\"@id\":\"https:\\\/\\\/digitalculturesandarts.ch\\\/kathrin-trattner-rechtsextremismus-und-gaming-eine-feldskizze\\\/#primaryimage\"},\"thumbnailUrl\":\"https:\\\/\\\/digitalculturesandarts.ch\\\/wp-content\\\/uploads\\\/2025\\\/11\\\/duotone.png\",\"articleSection\":[\"Event\"],\"inLanguage\":\"de-CH\"},{\"@type\":\"WebPage\",\"@id\":\"https:\\\/\\\/digitalculturesandarts.ch\\\/kathrin-trattner-rechtsextremismus-und-gaming-eine-feldskizze\\\/\",\"url\":\"https:\\\/\\\/digitalculturesandarts.ch\\\/kathrin-trattner-rechtsextremismus-und-gaming-eine-feldskizze\\\/\",\"name\":\"Kathrin Trattner: \u00abRechtsextremismus und Gaming: Eine Feldskizze\u00bb - digital cultures and arts\",\"isPartOf\":{\"@id\":\"https:\\\/\\\/digitalculturesandarts.ch\\\/#website\"},\"primaryImageOfPage\":{\"@id\":\"https:\\\/\\\/digitalculturesandarts.ch\\\/kathrin-trattner-rechtsextremismus-und-gaming-eine-feldskizze\\\/#primaryimage\"},\"image\":{\"@id\":\"https:\\\/\\\/digitalculturesandarts.ch\\\/kathrin-trattner-rechtsextremismus-und-gaming-eine-feldskizze\\\/#primaryimage\"},\"thumbnailUrl\":\"https:\\\/\\\/digitalculturesandarts.ch\\\/wp-content\\\/uploads\\\/2025\\\/11\\\/duotone.png\",\"datePublished\":\"2025-11-15T14:21:50+00:00\",\"dateModified\":\"2025-12-05T21:27:35+00:00\",\"breadcrumb\":{\"@id\":\"https:\\\/\\\/digitalculturesandarts.ch\\\/kathrin-trattner-rechtsextremismus-und-gaming-eine-feldskizze\\\/#breadcrumb\"},\"inLanguage\":\"de-CH\",\"potentialAction\":[{\"@type\":\"ReadAction\",\"target\":[\"https:\\\/\\\/digitalculturesandarts.ch\\\/kathrin-trattner-rechtsextremismus-und-gaming-eine-feldskizze\\\/\"]}]},{\"@type\":\"ImageObject\",\"inLanguage\":\"de-CH\",\"@id\":\"https:\\\/\\\/digitalculturesandarts.ch\\\/kathrin-trattner-rechtsextremismus-und-gaming-eine-feldskizze\\\/#primaryimage\",\"url\":\"https:\\\/\\\/digitalculturesandarts.ch\\\/wp-content\\\/uploads\\\/2025\\\/11\\\/duotone.png\",\"contentUrl\":\"https:\\\/\\\/digitalculturesandarts.ch\\\/wp-content\\\/uploads\\\/2025\\\/11\\\/duotone.png\",\"width\":2034,\"height\":2310},{\"@type\":\"BreadcrumbList\",\"@id\":\"https:\\\/\\\/digitalculturesandarts.ch\\\/kathrin-trattner-rechtsextremismus-und-gaming-eine-feldskizze\\\/#breadcrumb\",\"itemListElement\":[{\"@type\":\"ListItem\",\"position\":1,\"name\":\"Home\",\"item\":\"https:\\\/\\\/digitalculturesandarts.ch\\\/\"},{\"@type\":\"ListItem\",\"position\":2,\"name\":\"Kathrin Trattner: \u00abRechtsextremismus und Gaming: Eine Feldskizze\u00bb\"}]},{\"@type\":\"WebSite\",\"@id\":\"https:\\\/\\\/digitalculturesandarts.ch\\\/#website\",\"url\":\"https:\\\/\\\/digitalculturesandarts.ch\\\/\",\"name\":\"digital cultures and arts\",\"description\":\"Bridge Professorship between the University of Zurich and Zurich University of the Arts\",\"publisher\":{\"@id\":\"https:\\\/\\\/digitalculturesandarts.ch\\\/#organization\"},\"alternateName\":\"digitale kulturen und k\u00fcnste\",\"potentialAction\":[{\"@type\":\"SearchAction\",\"target\":{\"@type\":\"EntryPoint\",\"urlTemplate\":\"https:\\\/\\\/digitalculturesandarts.ch\\\/?s={search_term_string}\"},\"query-input\":{\"@type\":\"PropertyValueSpecification\",\"valueRequired\":true,\"valueName\":\"search_term_string\"}}],\"inLanguage\":\"de-CH\"},{\"@type\":\"Organization\",\"@id\":\"https:\\\/\\\/digitalculturesandarts.ch\\\/#organization\",\"name\":\"digital cultures and arts\",\"alternateName\":\"digitale kulturen und k\u00fcnste\",\"url\":\"https:\\\/\\\/digitalculturesandarts.ch\\\/\",\"logo\":{\"@type\":\"ImageObject\",\"inLanguage\":\"de-CH\",\"@id\":\"https:\\\/\\\/digitalculturesandarts.ch\\\/#\\\/schema\\\/logo\\\/image\\\/\",\"url\":\"https:\\\/\\\/digitalculturesandarts.ch\\\/wp-content\\\/uploads\\\/2025\\\/04\\\/cropped-col.png\",\"contentUrl\":\"https:\\\/\\\/digitalculturesandarts.ch\\\/wp-content\\\/uploads\\\/2025\\\/04\\\/cropped-col.png\",\"width\":512,\"height\":512,\"caption\":\"digital cultures and arts\"},\"image\":{\"@id\":\"https:\\\/\\\/digitalculturesandarts.ch\\\/#\\\/schema\\\/logo\\\/image\\\/\"},\"sameAs\":[\"https:\\\/\\\/www.instagram.com\\\/digitalculturesandarts\\\/\"]},{\"@type\":\"Person\",\"@id\":\"https:\\\/\\\/digitalculturesandarts.ch\\\/#\\\/schema\\\/person\\\/294bc711a635d139193f51c0a1cf456a\",\"name\":\"Lars\",\"image\":{\"@type\":\"ImageObject\",\"inLanguage\":\"de-CH\",\"@id\":\"https:\\\/\\\/secure.gravatar.com\\\/avatar\\\/f6e722b128afda74ecd5a565b332c1fcb022f1fe25ef4c1d5570b6232a140524?s=96&d=mm&r=g\",\"url\":\"https:\\\/\\\/secure.gravatar.com\\\/avatar\\\/f6e722b128afda74ecd5a565b332c1fcb022f1fe25ef4c1d5570b6232a140524?s=96&d=mm&r=g\",\"contentUrl\":\"https:\\\/\\\/secure.gravatar.com\\\/avatar\\\/f6e722b128afda74ecd5a565b332c1fcb022f1fe25ef4c1d5570b6232a140524?s=96&d=mm&r=g\",\"caption\":\"Lars\"},\"url\":\"https:\\\/\\\/digitalculturesandarts.ch\\\/de\\\/author\\\/admin\\\/\"}]}<\/script>\n<!-- \/ Yoast SEO plugin. -->","yoast_head_json":{"title":"Kathrin Trattner: \u00abRechtsextremismus und Gaming: Eine Feldskizze\u00bb - digital cultures and arts","robots":{"index":"index","follow":"follow","max-snippet":"max-snippet:-1","max-image-preview":"max-image-preview:large","max-video-preview":"max-video-preview:-1"},"canonical":"https:\/\/digitalculturesandarts.ch\/de\/kathrin-trattner-rechtsextremismus-und-gaming-eine-feldskizze\/","og_locale":"de_DE","og_type":"article","og_title":"Kathrin Trattner: \u00abRechtsextremismus und Gaming: Eine Feldskizze\u00bb - digital cultures and arts","og_description":"Veranstaltungsort: H\u00f6rsaal KOL-H-312, R\u00e4mistrasse 71, 8001 Z\u00fcrich Im Rahmen der Ringvorlesung \u00abKulturanalyse jetzt!\u00bb wird Kathrin Trattner am 27. November 2025 von 18:15 bis 20:00 zu Rechtsextremismus und Gaming vortragen. \u00abKulturanalyse jetzt!\u00bb Was ist jetzt? Wie ist es dazu gekommen? Und was ist im Kommen? Diese Fragen stehen im Zentrum der Ring\u00advorlesung \u00abKulturanalyse jetzt!\u00bb. Die Beitr\u00e4ge [&hellip;]","og_url":"https:\/\/digitalculturesandarts.ch\/de\/kathrin-trattner-rechtsextremismus-und-gaming-eine-feldskizze\/","og_site_name":"digital cultures and arts","article_published_time":"2025-11-15T14:21:50+00:00","article_modified_time":"2025-12-05T21:27:35+00:00","og_image":[{"width":2034,"height":2310,"url":"https:\/\/digitalculturesandarts.ch\/wp-content\/uploads\/2025\/11\/duotone.png","type":"image\/png"}],"author":"Lars","twitter_card":"summary_large_image","schema":{"@context":"https:\/\/schema.org","@graph":[{"@type":"Article","@id":"https:\/\/digitalculturesandarts.ch\/kathrin-trattner-rechtsextremismus-und-gaming-eine-feldskizze\/#article","isPartOf":{"@id":"https:\/\/digitalculturesandarts.ch\/kathrin-trattner-rechtsextremismus-und-gaming-eine-feldskizze\/"},"author":{"name":"Lars","@id":"https:\/\/digitalculturesandarts.ch\/#\/schema\/person\/294bc711a635d139193f51c0a1cf456a"},"headline":"Kathrin Trattner: \u00abRechtsextremismus und Gaming: Eine Feldskizze\u00bb","datePublished":"2025-11-15T14:21:50+00:00","dateModified":"2025-12-05T21:27:35+00:00","mainEntityOfPage":{"@id":"https:\/\/digitalculturesandarts.ch\/kathrin-trattner-rechtsextremismus-und-gaming-eine-feldskizze\/"},"wordCount":216,"publisher":{"@id":"https:\/\/digitalculturesandarts.ch\/#organization"},"image":{"@id":"https:\/\/digitalculturesandarts.ch\/kathrin-trattner-rechtsextremismus-und-gaming-eine-feldskizze\/#primaryimage"},"thumbnailUrl":"https:\/\/digitalculturesandarts.ch\/wp-content\/uploads\/2025\/11\/duotone.png","articleSection":["Event"],"inLanguage":"de-CH"},{"@type":"WebPage","@id":"https:\/\/digitalculturesandarts.ch\/kathrin-trattner-rechtsextremismus-und-gaming-eine-feldskizze\/","url":"https:\/\/digitalculturesandarts.ch\/kathrin-trattner-rechtsextremismus-und-gaming-eine-feldskizze\/","name":"Kathrin Trattner: \u00abRechtsextremismus und Gaming: Eine Feldskizze\u00bb - digital cultures and arts","isPartOf":{"@id":"https:\/\/digitalculturesandarts.ch\/#website"},"primaryImageOfPage":{"@id":"https:\/\/digitalculturesandarts.ch\/kathrin-trattner-rechtsextremismus-und-gaming-eine-feldskizze\/#primaryimage"},"image":{"@id":"https:\/\/digitalculturesandarts.ch\/kathrin-trattner-rechtsextremismus-und-gaming-eine-feldskizze\/#primaryimage"},"thumbnailUrl":"https:\/\/digitalculturesandarts.ch\/wp-content\/uploads\/2025\/11\/duotone.png","datePublished":"2025-11-15T14:21:50+00:00","dateModified":"2025-12-05T21:27:35+00:00","breadcrumb":{"@id":"https:\/\/digitalculturesandarts.ch\/kathrin-trattner-rechtsextremismus-und-gaming-eine-feldskizze\/#breadcrumb"},"inLanguage":"de-CH","potentialAction":[{"@type":"ReadAction","target":["https:\/\/digitalculturesandarts.ch\/kathrin-trattner-rechtsextremismus-und-gaming-eine-feldskizze\/"]}]},{"@type":"ImageObject","inLanguage":"de-CH","@id":"https:\/\/digitalculturesandarts.ch\/kathrin-trattner-rechtsextremismus-und-gaming-eine-feldskizze\/#primaryimage","url":"https:\/\/digitalculturesandarts.ch\/wp-content\/uploads\/2025\/11\/duotone.png","contentUrl":"https:\/\/digitalculturesandarts.ch\/wp-content\/uploads\/2025\/11\/duotone.png","width":2034,"height":2310},{"@type":"BreadcrumbList","@id":"https:\/\/digitalculturesandarts.ch\/kathrin-trattner-rechtsextremismus-und-gaming-eine-feldskizze\/#breadcrumb","itemListElement":[{"@type":"ListItem","position":1,"name":"Home","item":"https:\/\/digitalculturesandarts.ch\/"},{"@type":"ListItem","position":2,"name":"Kathrin Trattner: \u00abRechtsextremismus und Gaming: Eine Feldskizze\u00bb"}]},{"@type":"WebSite","@id":"https:\/\/digitalculturesandarts.ch\/#website","url":"https:\/\/digitalculturesandarts.ch\/","name":"digitale kulturen und k\u00fcnste","description":"Bridge Professorship between the University of Zurich and Zurich University of the Arts","publisher":{"@id":"https:\/\/digitalculturesandarts.ch\/#organization"},"alternateName":"digitale kulturen und k\u00fcnste","potentialAction":[{"@type":"SearchAction","target":{"@type":"EntryPoint","urlTemplate":"https:\/\/digitalculturesandarts.ch\/?s={search_term_string}"},"query-input":{"@type":"PropertyValueSpecification","valueRequired":true,"valueName":"search_term_string"}}],"inLanguage":"de-CH"},{"@type":"Organization","@id":"https:\/\/digitalculturesandarts.ch\/#organization","name":"digitale kulturen und k\u00fcnste","alternateName":"digitale kulturen und k\u00fcnste","url":"https:\/\/digitalculturesandarts.ch\/","logo":{"@type":"ImageObject","inLanguage":"de-CH","@id":"https:\/\/digitalculturesandarts.ch\/#\/schema\/logo\/image\/","url":"https:\/\/digitalculturesandarts.ch\/wp-content\/uploads\/2025\/04\/cropped-col.png","contentUrl":"https:\/\/digitalculturesandarts.ch\/wp-content\/uploads\/2025\/04\/cropped-col.png","width":512,"height":512,"caption":"digital cultures and arts"},"image":{"@id":"https:\/\/digitalculturesandarts.ch\/#\/schema\/logo\/image\/"},"sameAs":["https:\/\/www.instagram.com\/digitalculturesandarts\/"]},{"@type":"Person","@id":"https:\/\/digitalculturesandarts.ch\/#\/schema\/person\/294bc711a635d139193f51c0a1cf456a","name":"Lars","image":{"@type":"ImageObject","inLanguage":"de-CH","@id":"https:\/\/secure.gravatar.com\/avatar\/f6e722b128afda74ecd5a565b332c1fcb022f1fe25ef4c1d5570b6232a140524?s=96&d=mm&r=g","url":"https:\/\/secure.gravatar.com\/avatar\/f6e722b128afda74ecd5a565b332c1fcb022f1fe25ef4c1d5570b6232a140524?s=96&d=mm&r=g","contentUrl":"https:\/\/secure.gravatar.com\/avatar\/f6e722b128afda74ecd5a565b332c1fcb022f1fe25ef4c1d5570b6232a140524?s=96&d=mm&r=g","caption":"Lars"},"url":"https:\/\/digitalculturesandarts.ch\/de\/author\/admin\/"}]}},"mfb_rest_fields":["title","yoast_head","yoast_head_json"],"_links":{"self":[{"href":"https:\/\/digitalculturesandarts.ch\/de\/wp-json\/wp\/v2\/posts\/6671","targetHints":{"allow":["GET"]}}],"collection":[{"href":"https:\/\/digitalculturesandarts.ch\/de\/wp-json\/wp\/v2\/posts"}],"about":[{"href":"https:\/\/digitalculturesandarts.ch\/de\/wp-json\/wp\/v2\/types\/post"}],"author":[{"embeddable":true,"href":"https:\/\/digitalculturesandarts.ch\/de\/wp-json\/wp\/v2\/users\/2"}],"replies":[{"embeddable":true,"href":"https:\/\/digitalculturesandarts.ch\/de\/wp-json\/wp\/v2\/comments?post=6671"}],"version-history":[{"count":9,"href":"https:\/\/digitalculturesandarts.ch\/de\/wp-json\/wp\/v2\/posts\/6671\/revisions"}],"predecessor-version":[{"id":6692,"href":"https:\/\/digitalculturesandarts.ch\/de\/wp-json\/wp\/v2\/posts\/6671\/revisions\/6692"}],"wp:featuredmedia":[{"embeddable":true,"href":"https:\/\/digitalculturesandarts.ch\/de\/wp-json\/wp\/v2\/media\/6674"}],"wp:attachment":[{"href":"https:\/\/digitalculturesandarts.ch\/de\/wp-json\/wp\/v2\/media?parent=6671"}],"wp:term":[{"taxonomy":"category","embeddable":true,"href":"https:\/\/digitalculturesandarts.ch\/de\/wp-json\/wp\/v2\/categories?post=6671"},{"taxonomy":"post_tag","embeddable":true,"href":"https:\/\/digitalculturesandarts.ch\/de\/wp-json\/wp\/v2\/tags?post=6671"}],"curies":[{"name":"wp","href":"https:\/\/api.w.org\/{rel}","templated":true}]}}