{"id":6374,"date":"2026-01-18T11:33:32","date_gmt":"2026-01-18T11:33:32","guid":{"rendered":"https:\/\/digitalculturesandarts.ch\/?p=6374"},"modified":"2026-02-26T14:47:33","modified_gmt":"2026-02-26T14:47:33","slug":"blockseminar-ki-und-digitaler-faschismus","status":"publish","type":"post","link":"https:\/\/digitalculturesandarts.ch\/de\/blockseminar-ki-und-digitaler-faschismus\/","title":{"rendered":"Blockseminar: \u00abKI und digitaler Faschismus\u00bb"},"content":{"rendered":"<p class=\"\">Der neue Faschismus ist digital. Auf digitalen Plattformen verbreiten rechte Accounts massenhaft KI-generierte Propaganda, im Silicon Valley kursieren neoreaktion\u00e4re Ideologien, die demokratische Prozesse durch automatisierte Herrschaft ersetzen wollen, und KI-Konzerne greifen unverhohlen nach politischer Macht, um ihre Interessen weltweit durchzusetzen.<\/p>\n\n\n\n<p class=\"\">Die neuen digitalen Technologien, das wird immer deutlicher, sind politisch keineswegs neutral. Ausgehend von dieser Diagnose fragt das Seminar nach den Zusammenh\u00e4ngen von faschistischer Ideologie und \u00abK\u00fcnstlicher Intelligenz\u00bb. Was macht die KI-\u00c4sthetik so attraktiv f\u00fcr die radikale Rechte? Welche Gesellschaftsbilder, welche Vorstellungen von Intelligenz, Kreativit\u00e4t und Freiheit stehen hinter digitalen Plattformen, selbstlernenden Algorithmen und KI-Modellen? Welche Weltbilder und Zukunftsvorstellungen treiben die Expansion der Tech-Giganten voran?<\/p>\n\n\n\n<p class=\"\">Diesen Fragen wollen wir im Seminar anhand von gemeinsamen Lekt\u00fcren, Recherchen und Diskussionen nachgehen \u2013 und dabei auch die Rolle der K\u00fcnste in den Blick nehmen. Wie kann ein progressiver k\u00fcnstlerischer Umgang mit digitalen Werkzeugen und \u00c4sthetiken aussehen? Und welche alternativen Bilder und Erz\u00e4hlungen k\u00f6nnen wir dem globalen Rechtsruck entgegensetzen?<\/p>\n\n\n\n<p class=\"\">Das Blockseminar wird an der ZHdK im Modul \u00abK\u00fcnstlerische Praxis des Digitalen\u00bb, und an der Universit\u00e4t Z\u00fcrich im Modul \u00abPraktiken, Subjekte, Macht\u00bb in der Kulturanalyse angeboten. In anderen Studieng\u00e4ngen kann das Blockseminar als \u00ab\u00dcberfachliches Angebot\u00bb angerechnet werden.<\/p>\n\n\n\n<hr class=\"is-style-wide wp-block-separator has-alpha-channel-opacity\"\/>\n\n\n\n<p class=\"\">Lehrender: Prof. Dr. Roland Meyer<\/p>\n\n\n\n<p class=\"\">Termine: <\/p>\n\n\n\n<div class=\"wp-block-group is-vertical is-content-justification-left is-nowrap is-layout-flex wp-container-core-group-is-layout-16513dac wp-block-group-is-layout-flex\" style=\"padding-right:var(--wp--preset--spacing--20);padding-left:var(--wp--preset--spacing--20)\">\n<p class=\"\">19. Januar 2026, 9:00\u201316:00 Uhr <\/p>\n\n\n\n<p class=\"\">20. Januar 2026, 9:00\u201316:00 Uhr <\/p>\n\n\n\n<p class=\"\">21. Januar 2026, 9:00\u201316:00 Uhr<\/p>\n\n\n\n<p class=\"\">22. Januar 2025, 9:00\u201315:00 Uhr <\/p>\n<\/div>\n\n\n\n<p class=\"\"><\/p>\n\n\n\n<p class=\"\">ECTS: 3<\/p>\n\n\n\n<hr class=\"is-style-wide wp-block-separator has-alpha-channel-opacity\"\/>\n\n\n\n<p class=\"\"><a href=\"https:\/\/intern.zhdk.ch\/?vorlesungsverzeichnis&amp;semester_id=227143&amp;search=roland+meyer&amp;course_id=280719\">ZHdK Vorlesungsverzeichnis<\/a><\/p>\n\n\n\n<p class=\"\"><a href=\"https:\/\/studentservices.uzh.ch\/uzh\/anonym\/vvz\/?sap-language=DE&amp;sap-ui-language=DE#\/details\/2025\/003\/SM\/51300082\">UZH Vorlesungsverzeichnis<\/a><\/p>\n\n\n\n<div style=\"height:20px\" aria-hidden=\"true\" class=\"wp-block-spacer\"><\/div>","protected":false},"excerpt":{"rendered":"<p>Der neue Faschismus ist digital. Auf digitalen Plattformen verbreiten rechte Accounts massenhaft KI-generierte Propaganda, im Silicon Valley kursieren neoreaktion\u00e4re Ideologien, die demokratische Prozesse durch automatisierte Herrschaft ersetzen wollen, und KI-Konzerne greifen unverhohlen nach politischer Macht, um ihre Interessen weltweit durchzusetzen. Die neuen digitalen Technologien, das wird immer deutlicher, sind politisch keineswegs neutral. Ausgehend von dieser [&hellip;]<\/p>\n","protected":false},"author":2,"featured_media":6481,"comment_status":"closed","ping_status":"closed","sticky":false,"template":"","format":"standard","meta":{"nf_dc_page":"","_coblocks_attr":"","_coblocks_dimensions":"","_coblocks_responsive_height":"","_coblocks_accordion_ie_support":"","_FSMCFIC_featured_image_caption":"","_FSMCFIC_featured_image_nocaption":"","_FSMCFIC_featured_image_hide":"","footnotes":""},"categories":[12],"tags":[],"class_list":["post-6374","post","type-post","status-publish","format-standard","has-post-thumbnail","hentry","category-teaching"],"mb":[],"yoast_head":"<!-- This site is optimized with the Yoast SEO plugin v27.4 - https:\/\/yoast.com\/product\/yoast-seo-wordpress\/ -->\n<title>Block Seminar: \u00abKI und digitaler Faschismus\u00bb - digital cultures and arts<\/title>\n<meta name=\"robots\" content=\"index, follow, max-snippet:-1, max-image-preview:large, max-video-preview:-1\" \/>\n<link rel=\"canonical\" href=\"https:\/\/digitalculturesandarts.ch\/de\/blockseminar-ki-und-digitaler-faschismus\/\" \/>\n<meta property=\"og:locale\" content=\"de_DE\" \/>\n<meta property=\"og:type\" content=\"article\" \/>\n<meta property=\"og:title\" content=\"Block Seminar: \u00abKI und digitaler Faschismus\u00bb - digital cultures and arts\" \/>\n<meta property=\"og:description\" content=\"Der neue Faschismus ist digital. Auf digitalen Plattformen verbreiten rechte Accounts massenhaft KI-generierte Propaganda, im Silicon Valley kursieren neoreaktion\u00e4re Ideologien, die demokratische Prozesse durch automatisierte Herrschaft ersetzen wollen, und KI-Konzerne greifen unverhohlen nach politischer Macht, um ihre Interessen weltweit durchzusetzen. Die neuen digitalen Technologien, das wird immer deutlicher, sind politisch keineswegs neutral. Ausgehend von dieser [&hellip;]\" \/>\n<meta property=\"og:url\" content=\"https:\/\/digitalculturesandarts.ch\/de\/blockseminar-ki-und-digitaler-faschismus\/\" \/>\n<meta property=\"og:site_name\" content=\"digital cultures and arts\" \/>\n<meta property=\"article:published_time\" content=\"2026-01-18T11:33:32+00:00\" \/>\n<meta property=\"article:modified_time\" content=\"2026-02-26T14:47:33+00:00\" \/>\n<meta property=\"og:image\" content=\"https:\/\/digitalculturesandarts.ch\/wp-content\/uploads\/2025\/09\/duotone-11.png\" \/>\n\t<meta property=\"og:image:width\" content=\"1500\" \/>\n\t<meta property=\"og:image:height\" content=\"1000\" \/>\n\t<meta property=\"og:image:type\" content=\"image\/png\" \/>\n<meta name=\"author\" content=\"Lars\" \/>\n<meta name=\"twitter:card\" content=\"summary_large_image\" \/>\n<script type=\"application\/ld+json\" class=\"yoast-schema-graph\">{\"@context\":\"https:\\\/\\\/schema.org\",\"@graph\":[{\"@type\":\"Article\",\"@id\":\"https:\\\/\\\/digitalculturesandarts.ch\\\/blockseminar-ki-und-digitaler-faschismus\\\/#article\",\"isPartOf\":{\"@id\":\"https:\\\/\\\/digitalculturesandarts.ch\\\/blockseminar-ki-und-digitaler-faschismus\\\/\"},\"author\":{\"name\":\"Lars\",\"@id\":\"https:\\\/\\\/digitalculturesandarts.ch\\\/#\\\/schema\\\/person\\\/294bc711a635d139193f51c0a1cf456a\"},\"headline\":\"Block Seminar: \u00abKI und digitaler Faschismus\u00bb\",\"datePublished\":\"2026-01-18T11:33:32+00:00\",\"dateModified\":\"2026-02-26T14:47:33+00:00\",\"mainEntityOfPage\":{\"@id\":\"https:\\\/\\\/digitalculturesandarts.ch\\\/blockseminar-ki-und-digitaler-faschismus\\\/\"},\"wordCount\":231,\"publisher\":{\"@id\":\"https:\\\/\\\/digitalculturesandarts.ch\\\/#organization\"},\"image\":{\"@id\":\"https:\\\/\\\/digitalculturesandarts.ch\\\/blockseminar-ki-und-digitaler-faschismus\\\/#primaryimage\"},\"thumbnailUrl\":\"https:\\\/\\\/digitalculturesandarts.ch\\\/wp-content\\\/uploads\\\/2025\\\/09\\\/duotone-11.png\",\"articleSection\":[\"Teaching\"],\"inLanguage\":\"de-CH\"},{\"@type\":\"WebPage\",\"@id\":\"https:\\\/\\\/digitalculturesandarts.ch\\\/blockseminar-ki-und-digitaler-faschismus\\\/\",\"url\":\"https:\\\/\\\/digitalculturesandarts.ch\\\/blockseminar-ki-und-digitaler-faschismus\\\/\",\"name\":\"Block Seminar: \u00abKI und digitaler Faschismus\u00bb - digital cultures and arts\",\"isPartOf\":{\"@id\":\"https:\\\/\\\/digitalculturesandarts.ch\\\/#website\"},\"primaryImageOfPage\":{\"@id\":\"https:\\\/\\\/digitalculturesandarts.ch\\\/blockseminar-ki-und-digitaler-faschismus\\\/#primaryimage\"},\"image\":{\"@id\":\"https:\\\/\\\/digitalculturesandarts.ch\\\/blockseminar-ki-und-digitaler-faschismus\\\/#primaryimage\"},\"thumbnailUrl\":\"https:\\\/\\\/digitalculturesandarts.ch\\\/wp-content\\\/uploads\\\/2025\\\/09\\\/duotone-11.png\",\"datePublished\":\"2026-01-18T11:33:32+00:00\",\"dateModified\":\"2026-02-26T14:47:33+00:00\",\"breadcrumb\":{\"@id\":\"https:\\\/\\\/digitalculturesandarts.ch\\\/blockseminar-ki-und-digitaler-faschismus\\\/#breadcrumb\"},\"inLanguage\":\"de-CH\",\"potentialAction\":[{\"@type\":\"ReadAction\",\"target\":[\"https:\\\/\\\/digitalculturesandarts.ch\\\/blockseminar-ki-und-digitaler-faschismus\\\/\"]}]},{\"@type\":\"ImageObject\",\"inLanguage\":\"de-CH\",\"@id\":\"https:\\\/\\\/digitalculturesandarts.ch\\\/blockseminar-ki-und-digitaler-faschismus\\\/#primaryimage\",\"url\":\"https:\\\/\\\/digitalculturesandarts.ch\\\/wp-content\\\/uploads\\\/2025\\\/09\\\/duotone-11.png\",\"contentUrl\":\"https:\\\/\\\/digitalculturesandarts.ch\\\/wp-content\\\/uploads\\\/2025\\\/09\\\/duotone-11.png\",\"width\":1500,\"height\":1000},{\"@type\":\"BreadcrumbList\",\"@id\":\"https:\\\/\\\/digitalculturesandarts.ch\\\/blockseminar-ki-und-digitaler-faschismus\\\/#breadcrumb\",\"itemListElement\":[{\"@type\":\"ListItem\",\"position\":1,\"name\":\"Home\",\"item\":\"https:\\\/\\\/digitalculturesandarts.ch\\\/\"},{\"@type\":\"ListItem\",\"position\":2,\"name\":\"Block Seminar: \u00abKI und digitaler Faschismus\u00bb\"}]},{\"@type\":\"WebSite\",\"@id\":\"https:\\\/\\\/digitalculturesandarts.ch\\\/#website\",\"url\":\"https:\\\/\\\/digitalculturesandarts.ch\\\/\",\"name\":\"digital cultures and arts\",\"description\":\"Bridge Professorship between the University of Zurich and Zurich University of the Arts\",\"publisher\":{\"@id\":\"https:\\\/\\\/digitalculturesandarts.ch\\\/#organization\"},\"alternateName\":\"digitale kulturen und k\u00fcnste\",\"potentialAction\":[{\"@type\":\"SearchAction\",\"target\":{\"@type\":\"EntryPoint\",\"urlTemplate\":\"https:\\\/\\\/digitalculturesandarts.ch\\\/?s={search_term_string}\"},\"query-input\":{\"@type\":\"PropertyValueSpecification\",\"valueRequired\":true,\"valueName\":\"search_term_string\"}}],\"inLanguage\":\"de-CH\"},{\"@type\":\"Organization\",\"@id\":\"https:\\\/\\\/digitalculturesandarts.ch\\\/#organization\",\"name\":\"digital cultures and arts\",\"alternateName\":\"digitale kulturen und k\u00fcnste\",\"url\":\"https:\\\/\\\/digitalculturesandarts.ch\\\/\",\"logo\":{\"@type\":\"ImageObject\",\"inLanguage\":\"de-CH\",\"@id\":\"https:\\\/\\\/digitalculturesandarts.ch\\\/#\\\/schema\\\/logo\\\/image\\\/\",\"url\":\"https:\\\/\\\/digitalculturesandarts.ch\\\/wp-content\\\/uploads\\\/2025\\\/04\\\/cropped-col.png\",\"contentUrl\":\"https:\\\/\\\/digitalculturesandarts.ch\\\/wp-content\\\/uploads\\\/2025\\\/04\\\/cropped-col.png\",\"width\":512,\"height\":512,\"caption\":\"digital cultures and arts\"},\"image\":{\"@id\":\"https:\\\/\\\/digitalculturesandarts.ch\\\/#\\\/schema\\\/logo\\\/image\\\/\"},\"sameAs\":[\"https:\\\/\\\/www.instagram.com\\\/digitalculturesandarts\\\/\"]},{\"@type\":\"Person\",\"@id\":\"https:\\\/\\\/digitalculturesandarts.ch\\\/#\\\/schema\\\/person\\\/294bc711a635d139193f51c0a1cf456a\",\"name\":\"Lars\",\"image\":{\"@type\":\"ImageObject\",\"inLanguage\":\"de-CH\",\"@id\":\"https:\\\/\\\/secure.gravatar.com\\\/avatar\\\/f6e722b128afda74ecd5a565b332c1fcb022f1fe25ef4c1d5570b6232a140524?s=96&d=mm&r=g\",\"url\":\"https:\\\/\\\/secure.gravatar.com\\\/avatar\\\/f6e722b128afda74ecd5a565b332c1fcb022f1fe25ef4c1d5570b6232a140524?s=96&d=mm&r=g\",\"contentUrl\":\"https:\\\/\\\/secure.gravatar.com\\\/avatar\\\/f6e722b128afda74ecd5a565b332c1fcb022f1fe25ef4c1d5570b6232a140524?s=96&d=mm&r=g\",\"caption\":\"Lars\"},\"url\":\"https:\\\/\\\/digitalculturesandarts.ch\\\/de\\\/author\\\/admin\\\/\"}]}<\/script>\n<!-- \/ Yoast SEO plugin. -->","yoast_head_json":{"title":"Block Seminar: \u00abKI und digitaler Faschismus\u00bb - digital cultures and arts","robots":{"index":"index","follow":"follow","max-snippet":"max-snippet:-1","max-image-preview":"max-image-preview:large","max-video-preview":"max-video-preview:-1"},"canonical":"https:\/\/digitalculturesandarts.ch\/de\/blockseminar-ki-und-digitaler-faschismus\/","og_locale":"de_DE","og_type":"article","og_title":"Block Seminar: \u00abKI und digitaler Faschismus\u00bb - digital cultures and arts","og_description":"Der neue Faschismus ist digital. Auf digitalen Plattformen verbreiten rechte Accounts massenhaft KI-generierte Propaganda, im Silicon Valley kursieren neoreaktion\u00e4re Ideologien, die demokratische Prozesse durch automatisierte Herrschaft ersetzen wollen, und KI-Konzerne greifen unverhohlen nach politischer Macht, um ihre Interessen weltweit durchzusetzen. Die neuen digitalen Technologien, das wird immer deutlicher, sind politisch keineswegs neutral. Ausgehend von dieser [&hellip;]","og_url":"https:\/\/digitalculturesandarts.ch\/de\/blockseminar-ki-und-digitaler-faschismus\/","og_site_name":"digital cultures and arts","article_published_time":"2026-01-18T11:33:32+00:00","article_modified_time":"2026-02-26T14:47:33+00:00","og_image":[{"width":1500,"height":1000,"url":"https:\/\/digitalculturesandarts.ch\/wp-content\/uploads\/2025\/09\/duotone-11.png","type":"image\/png"}],"author":"Lars","twitter_card":"summary_large_image","schema":{"@context":"https:\/\/schema.org","@graph":[{"@type":"Article","@id":"https:\/\/digitalculturesandarts.ch\/blockseminar-ki-und-digitaler-faschismus\/#article","isPartOf":{"@id":"https:\/\/digitalculturesandarts.ch\/blockseminar-ki-und-digitaler-faschismus\/"},"author":{"name":"Lars","@id":"https:\/\/digitalculturesandarts.ch\/#\/schema\/person\/294bc711a635d139193f51c0a1cf456a"},"headline":"Block Seminar: \u00abKI und digitaler Faschismus\u00bb","datePublished":"2026-01-18T11:33:32+00:00","dateModified":"2026-02-26T14:47:33+00:00","mainEntityOfPage":{"@id":"https:\/\/digitalculturesandarts.ch\/blockseminar-ki-und-digitaler-faschismus\/"},"wordCount":231,"publisher":{"@id":"https:\/\/digitalculturesandarts.ch\/#organization"},"image":{"@id":"https:\/\/digitalculturesandarts.ch\/blockseminar-ki-und-digitaler-faschismus\/#primaryimage"},"thumbnailUrl":"https:\/\/digitalculturesandarts.ch\/wp-content\/uploads\/2025\/09\/duotone-11.png","articleSection":["Teaching"],"inLanguage":"de-CH"},{"@type":"WebPage","@id":"https:\/\/digitalculturesandarts.ch\/blockseminar-ki-und-digitaler-faschismus\/","url":"https:\/\/digitalculturesandarts.ch\/blockseminar-ki-und-digitaler-faschismus\/","name":"Block Seminar: \u00abKI und digitaler Faschismus\u00bb - digital cultures and arts","isPartOf":{"@id":"https:\/\/digitalculturesandarts.ch\/#website"},"primaryImageOfPage":{"@id":"https:\/\/digitalculturesandarts.ch\/blockseminar-ki-und-digitaler-faschismus\/#primaryimage"},"image":{"@id":"https:\/\/digitalculturesandarts.ch\/blockseminar-ki-und-digitaler-faschismus\/#primaryimage"},"thumbnailUrl":"https:\/\/digitalculturesandarts.ch\/wp-content\/uploads\/2025\/09\/duotone-11.png","datePublished":"2026-01-18T11:33:32+00:00","dateModified":"2026-02-26T14:47:33+00:00","breadcrumb":{"@id":"https:\/\/digitalculturesandarts.ch\/blockseminar-ki-und-digitaler-faschismus\/#breadcrumb"},"inLanguage":"de-CH","potentialAction":[{"@type":"ReadAction","target":["https:\/\/digitalculturesandarts.ch\/blockseminar-ki-und-digitaler-faschismus\/"]}]},{"@type":"ImageObject","inLanguage":"de-CH","@id":"https:\/\/digitalculturesandarts.ch\/blockseminar-ki-und-digitaler-faschismus\/#primaryimage","url":"https:\/\/digitalculturesandarts.ch\/wp-content\/uploads\/2025\/09\/duotone-11.png","contentUrl":"https:\/\/digitalculturesandarts.ch\/wp-content\/uploads\/2025\/09\/duotone-11.png","width":1500,"height":1000},{"@type":"BreadcrumbList","@id":"https:\/\/digitalculturesandarts.ch\/blockseminar-ki-und-digitaler-faschismus\/#breadcrumb","itemListElement":[{"@type":"ListItem","position":1,"name":"Home","item":"https:\/\/digitalculturesandarts.ch\/"},{"@type":"ListItem","position":2,"name":"Block Seminar: \u00abKI und digitaler Faschismus\u00bb"}]},{"@type":"WebSite","@id":"https:\/\/digitalculturesandarts.ch\/#website","url":"https:\/\/digitalculturesandarts.ch\/","name":"digitale kulturen und k\u00fcnste","description":"Bridge Professorship between the University of Zurich and Zurich University of the Arts","publisher":{"@id":"https:\/\/digitalculturesandarts.ch\/#organization"},"alternateName":"digitale kulturen und k\u00fcnste","potentialAction":[{"@type":"SearchAction","target":{"@type":"EntryPoint","urlTemplate":"https:\/\/digitalculturesandarts.ch\/?s={search_term_string}"},"query-input":{"@type":"PropertyValueSpecification","valueRequired":true,"valueName":"search_term_string"}}],"inLanguage":"de-CH"},{"@type":"Organization","@id":"https:\/\/digitalculturesandarts.ch\/#organization","name":"digitale kulturen und k\u00fcnste","alternateName":"digitale kulturen und k\u00fcnste","url":"https:\/\/digitalculturesandarts.ch\/","logo":{"@type":"ImageObject","inLanguage":"de-CH","@id":"https:\/\/digitalculturesandarts.ch\/#\/schema\/logo\/image\/","url":"https:\/\/digitalculturesandarts.ch\/wp-content\/uploads\/2025\/04\/cropped-col.png","contentUrl":"https:\/\/digitalculturesandarts.ch\/wp-content\/uploads\/2025\/04\/cropped-col.png","width":512,"height":512,"caption":"digital cultures and arts"},"image":{"@id":"https:\/\/digitalculturesandarts.ch\/#\/schema\/logo\/image\/"},"sameAs":["https:\/\/www.instagram.com\/digitalculturesandarts\/"]},{"@type":"Person","@id":"https:\/\/digitalculturesandarts.ch\/#\/schema\/person\/294bc711a635d139193f51c0a1cf456a","name":"Lars","image":{"@type":"ImageObject","inLanguage":"de-CH","@id":"https:\/\/secure.gravatar.com\/avatar\/f6e722b128afda74ecd5a565b332c1fcb022f1fe25ef4c1d5570b6232a140524?s=96&d=mm&r=g","url":"https:\/\/secure.gravatar.com\/avatar\/f6e722b128afda74ecd5a565b332c1fcb022f1fe25ef4c1d5570b6232a140524?s=96&d=mm&r=g","contentUrl":"https:\/\/secure.gravatar.com\/avatar\/f6e722b128afda74ecd5a565b332c1fcb022f1fe25ef4c1d5570b6232a140524?s=96&d=mm&r=g","caption":"Lars"},"url":"https:\/\/digitalculturesandarts.ch\/de\/author\/admin\/"}]}},"mfb_rest_fields":["title","yoast_head","yoast_head_json"],"_links":{"self":[{"href":"https:\/\/digitalculturesandarts.ch\/de\/wp-json\/wp\/v2\/posts\/6374","targetHints":{"allow":["GET"]}}],"collection":[{"href":"https:\/\/digitalculturesandarts.ch\/de\/wp-json\/wp\/v2\/posts"}],"about":[{"href":"https:\/\/digitalculturesandarts.ch\/de\/wp-json\/wp\/v2\/types\/post"}],"author":[{"embeddable":true,"href":"https:\/\/digitalculturesandarts.ch\/de\/wp-json\/wp\/v2\/users\/2"}],"replies":[{"embeddable":true,"href":"https:\/\/digitalculturesandarts.ch\/de\/wp-json\/wp\/v2\/comments?post=6374"}],"version-history":[{"count":8,"href":"https:\/\/digitalculturesandarts.ch\/de\/wp-json\/wp\/v2\/posts\/6374\/revisions"}],"predecessor-version":[{"id":6435,"href":"https:\/\/digitalculturesandarts.ch\/de\/wp-json\/wp\/v2\/posts\/6374\/revisions\/6435"}],"wp:featuredmedia":[{"embeddable":true,"href":"https:\/\/digitalculturesandarts.ch\/de\/wp-json\/wp\/v2\/media\/6481"}],"wp:attachment":[{"href":"https:\/\/digitalculturesandarts.ch\/de\/wp-json\/wp\/v2\/media?parent=6374"}],"wp:term":[{"taxonomy":"category","embeddable":true,"href":"https:\/\/digitalculturesandarts.ch\/de\/wp-json\/wp\/v2\/categories?post=6374"},{"taxonomy":"post_tag","embeddable":true,"href":"https:\/\/digitalculturesandarts.ch\/de\/wp-json\/wp\/v2\/tags?post=6374"}],"curies":[{"name":"wp","href":"https:\/\/api.w.org\/{rel}","templated":true}]}}