{"id":6367,"date":"2025-09-05T11:05:01","date_gmt":"2025-09-05T11:05:01","guid":{"rendered":"https:\/\/digitalculturesandarts.ch\/?p=6367"},"modified":"2025-12-05T21:35:22","modified_gmt":"2025-12-05T21:35:22","slug":"seminar-umkampfte-archive-zur-zukunft-des-digitalen-gedachtnisses","status":"publish","type":"post","link":"https:\/\/digitalculturesandarts.ch\/de\/seminar-umkampfte-archive-zur-zukunft-des-digitalen-gedachtnisses\/","title":{"rendered":"Seminar: \u00abUmk\u00e4mpfte Archive. Zur Zukunft des digitalen Ged\u00e4chtnisses\u00bb"},"content":{"rendered":"<p class=\"\">Historische Archive waren schon immer umk\u00e4mpfte Orte. Welche Spuren der Geschichte institutionell bewahrt werden und wessen Erinnerungen Eingang in das kollektive Ged\u00e4chtnis finden, das waren und sind hochpolitische Fragen. In diesem Sinne war die Digitalisierung von Archivbest\u00e4nden, wie sie seit den 1990er Jahren in grossem Massstab vorangetrieben wurde, nicht allein mit dem Versprechen eines niedrigschwelligen Zugangs verbunden, sondern sollte auch neue Formen der demokratischen Teilhabe und Partizipation erm\u00f6glichen.\u00a0<\/p>\n\n\n\n<p class=\"\">Gegenw\u00e4rtig stehen jedoch gerade digitale Archive vor zuvor unbekannten Herausforderungen. Zum einen sind sie, wie derzeit in den USA zu beobachten, staatlichen Zensur- und S\u00e4uberungsmassnahmen oft schutzlos ausgesetzt. Zum anderen r\u00fccken sie in den Fokus grosser Tech-Unternehmen, die sie als massenhaft verwertbare Ressource von Trainingsdaten f\u00fcr die Entwicklung sogenannter \u00abgenerativer K\u00fcnstlicher Intelligenz\u00bb erschliessen wollen.<\/p>\n\n\n\n<p class=\"\">Selten zuvor erschien die Vergangenheit so gef\u00e4hrdet: W\u00e4hrend authentische Spuren der Geschichte aus den digitalen Archiven verschwinden, erlaubt generative KI die endlose Produktion pseudo-historischer, alternativer Vergangenheiten.&nbsp;<br>Das Seminar nimmt diese aktuellen Entwicklungen zum Anlass, um nach der Zukunft des digitalen Ged\u00e4chtnisses zu fragen. Ausgehend von Fallstudien zu aktuellen digitalen Archivierungsprojekten und k\u00fcnstlerischen Archivpraktiken sowie begleitet von theoretischen Lekt\u00fcren werden wir analysieren, wie sich die Formen und Institutionen des kollektiven Ged\u00e4chtnisses unter den Bedingungen digitaler Plattformen, \u00abk\u00fcnstlicher Intelligenz\u00bb und synthetischer Medien ver\u00e4ndern. Zugleichwollen wir die M\u00f6glichkeiten digitaler Gegen-Archive erkunden, die sich autorit\u00e4ren Zugriffen zu entziehen versuchen.<\/p>\n\n\n\n<hr class=\"is-style-wide wp-block-separator has-alpha-channel-opacity\"\/>\n\n\n\n<p class=\"\">Das Seminar wird im Master \u00abKulturanalyse\u00bb im Modul Praktiken, Subjekte, Macht angeboten. In anderen Studieng\u00e4ngen wird es als \u00ab\u00dcberfachliches Angebot\u00bb angerechnet. <\/p>\n\n\n\n<hr class=\"is-style-wide wp-block-separator has-alpha-channel-opacity\"\/>\n\n\n\n<p class=\"\">Lehrende: Prof. Dr. Roland Meyer, Lars Pinkwart<\/p>\n\n\n\n<p class=\"\">Mittwochs, <a href=\"https:\/\/studentservices.uzh.ch\/uzh\/anonym\/vvz\/?sap-language=DE#\">10:15-12:00<\/a><\/p>\n\n\n\n<p class=\"\">ECTS: 3<\/p>\n\n\n\n<hr class=\"is-style-wide wp-block-separator has-alpha-channel-opacity\"\/>\n\n\n\n<p class=\"\"><a href=\"https:\/\/studentservices.uzh.ch\/uzh\/anonym\/vvz\/?sap-language=DE#\/details\/2025\/003\/SM\/51300079\/50000007\/Philosophische%2520Fakult%25C3%25A4t\/50896638\/Master%2520of%2520Arts%2520(RVO19)\/50904661\/Kulturanalyse\">Im Vorlesungsverzeichnis anschauen<\/a><\/p>\n\n\n\n<p class=\"\"><\/p>","protected":false},"excerpt":{"rendered":"<p>Historische Archive waren schon immer umk\u00e4mpfte Orte. Welche Spuren der Geschichte institutionell bewahrt werden und wessen Erinnerungen Eingang in das kollektive Ged\u00e4chtnis finden, das waren und sind hochpolitische Fragen. In diesem Sinne war die Digitalisierung von Archivbest\u00e4nden, wie sie seit den 1990er Jahren in grossem Massstab vorangetrieben wurde, nicht allein mit dem Versprechen eines niedrigschwelligen [&hellip;]<\/p>\n","protected":false},"author":2,"featured_media":6495,"comment_status":"closed","ping_status":"closed","sticky":false,"template":"","format":"standard","meta":{"nf_dc_page":"","_coblocks_attr":"","_coblocks_dimensions":"","_coblocks_responsive_height":"","_coblocks_accordion_ie_support":"","_FSMCFIC_featured_image_caption":"The Internet Archive Servers (Public Domain)","_FSMCFIC_featured_image_nocaption":"","_FSMCFIC_featured_image_hide":"","footnotes":""},"categories":[12],"tags":[],"class_list":["post-6367","post","type-post","status-publish","format-standard","has-post-thumbnail","hentry","category-teaching"],"mb":[],"yoast_head":"<!-- This site is optimized with the Yoast SEO plugin v27.4 - https:\/\/yoast.com\/product\/yoast-seo-wordpress\/ -->\n<title>Seminar: \u00abUmk\u00e4mpfte Archive. Zur Zukunft des digitalen Ged\u00e4chtnisses\u00bb - digital cultures and arts<\/title>\n<meta name=\"robots\" content=\"index, follow, max-snippet:-1, max-image-preview:large, max-video-preview:-1\" \/>\n<link rel=\"canonical\" href=\"https:\/\/digitalculturesandarts.ch\/de\/seminar-umkampfte-archive-zur-zukunft-des-digitalen-gedachtnisses\/\" \/>\n<meta property=\"og:locale\" content=\"de_DE\" \/>\n<meta property=\"og:type\" content=\"article\" \/>\n<meta property=\"og:title\" content=\"Seminar: \u00abUmk\u00e4mpfte Archive. Zur Zukunft des digitalen Ged\u00e4chtnisses\u00bb - digital cultures and arts\" \/>\n<meta property=\"og:description\" content=\"Historische Archive waren schon immer umk\u00e4mpfte Orte. Welche Spuren der Geschichte institutionell bewahrt werden und wessen Erinnerungen Eingang in das kollektive Ged\u00e4chtnis finden, das waren und sind hochpolitische Fragen. In diesem Sinne war die Digitalisierung von Archivbest\u00e4nden, wie sie seit den 1990er Jahren in grossem Massstab vorangetrieben wurde, nicht allein mit dem Versprechen eines niedrigschwelligen [&hellip;]\" \/>\n<meta property=\"og:url\" content=\"https:\/\/digitalculturesandarts.ch\/de\/seminar-umkampfte-archive-zur-zukunft-des-digitalen-gedachtnisses\/\" \/>\n<meta property=\"og:site_name\" content=\"digital cultures and arts\" \/>\n<meta property=\"article:published_time\" content=\"2025-09-05T11:05:01+00:00\" \/>\n<meta property=\"article:modified_time\" content=\"2025-12-05T21:35:22+00:00\" \/>\n<meta property=\"og:image\" content=\"https:\/\/digitalculturesandarts.ch\/wp-content\/uploads\/2025\/09\/duotone-12.png\" \/>\n\t<meta property=\"og:image:width\" content=\"1024\" \/>\n\t<meta property=\"og:image:height\" content=\"765\" \/>\n\t<meta property=\"og:image:type\" content=\"image\/png\" \/>\n<meta name=\"author\" content=\"Lars\" \/>\n<meta name=\"twitter:card\" content=\"summary_large_image\" \/>\n<script type=\"application\/ld+json\" class=\"yoast-schema-graph\">{\"@context\":\"https:\\\/\\\/schema.org\",\"@graph\":[{\"@type\":\"Article\",\"@id\":\"https:\\\/\\\/digitalculturesandarts.ch\\\/seminar-umkampfte-archive-zur-zukunft-des-digitalen-gedachtnisses\\\/#article\",\"isPartOf\":{\"@id\":\"https:\\\/\\\/digitalculturesandarts.ch\\\/seminar-umkampfte-archive-zur-zukunft-des-digitalen-gedachtnisses\\\/\"},\"author\":{\"name\":\"Lars\",\"@id\":\"https:\\\/\\\/digitalculturesandarts.ch\\\/#\\\/schema\\\/person\\\/294bc711a635d139193f51c0a1cf456a\"},\"headline\":\"Seminar: \u00abUmk\u00e4mpfte Archive. Zur Zukunft des digitalen Ged\u00e4chtnisses\u00bb\",\"datePublished\":\"2025-09-05T11:05:01+00:00\",\"dateModified\":\"2025-12-05T21:35:22+00:00\",\"mainEntityOfPage\":{\"@id\":\"https:\\\/\\\/digitalculturesandarts.ch\\\/seminar-umkampfte-archive-zur-zukunft-des-digitalen-gedachtnisses\\\/\"},\"wordCount\":282,\"publisher\":{\"@id\":\"https:\\\/\\\/digitalculturesandarts.ch\\\/#organization\"},\"image\":{\"@id\":\"https:\\\/\\\/digitalculturesandarts.ch\\\/seminar-umkampfte-archive-zur-zukunft-des-digitalen-gedachtnisses\\\/#primaryimage\"},\"thumbnailUrl\":\"https:\\\/\\\/digitalculturesandarts.ch\\\/wp-content\\\/uploads\\\/2025\\\/09\\\/duotone-12.png\",\"articleSection\":[\"Teaching\"],\"inLanguage\":\"de-CH\"},{\"@type\":\"WebPage\",\"@id\":\"https:\\\/\\\/digitalculturesandarts.ch\\\/seminar-umkampfte-archive-zur-zukunft-des-digitalen-gedachtnisses\\\/\",\"url\":\"https:\\\/\\\/digitalculturesandarts.ch\\\/seminar-umkampfte-archive-zur-zukunft-des-digitalen-gedachtnisses\\\/\",\"name\":\"Seminar: \u00abUmk\u00e4mpfte Archive. Zur Zukunft des digitalen Ged\u00e4chtnisses\u00bb - digital cultures and arts\",\"isPartOf\":{\"@id\":\"https:\\\/\\\/digitalculturesandarts.ch\\\/#website\"},\"primaryImageOfPage\":{\"@id\":\"https:\\\/\\\/digitalculturesandarts.ch\\\/seminar-umkampfte-archive-zur-zukunft-des-digitalen-gedachtnisses\\\/#primaryimage\"},\"image\":{\"@id\":\"https:\\\/\\\/digitalculturesandarts.ch\\\/seminar-umkampfte-archive-zur-zukunft-des-digitalen-gedachtnisses\\\/#primaryimage\"},\"thumbnailUrl\":\"https:\\\/\\\/digitalculturesandarts.ch\\\/wp-content\\\/uploads\\\/2025\\\/09\\\/duotone-12.png\",\"datePublished\":\"2025-09-05T11:05:01+00:00\",\"dateModified\":\"2025-12-05T21:35:22+00:00\",\"breadcrumb\":{\"@id\":\"https:\\\/\\\/digitalculturesandarts.ch\\\/seminar-umkampfte-archive-zur-zukunft-des-digitalen-gedachtnisses\\\/#breadcrumb\"},\"inLanguage\":\"de-CH\",\"potentialAction\":[{\"@type\":\"ReadAction\",\"target\":[\"https:\\\/\\\/digitalculturesandarts.ch\\\/seminar-umkampfte-archive-zur-zukunft-des-digitalen-gedachtnisses\\\/\"]}]},{\"@type\":\"ImageObject\",\"inLanguage\":\"de-CH\",\"@id\":\"https:\\\/\\\/digitalculturesandarts.ch\\\/seminar-umkampfte-archive-zur-zukunft-des-digitalen-gedachtnisses\\\/#primaryimage\",\"url\":\"https:\\\/\\\/digitalculturesandarts.ch\\\/wp-content\\\/uploads\\\/2025\\\/09\\\/duotone-12.png\",\"contentUrl\":\"https:\\\/\\\/digitalculturesandarts.ch\\\/wp-content\\\/uploads\\\/2025\\\/09\\\/duotone-12.png\",\"width\":1024,\"height\":765},{\"@type\":\"BreadcrumbList\",\"@id\":\"https:\\\/\\\/digitalculturesandarts.ch\\\/seminar-umkampfte-archive-zur-zukunft-des-digitalen-gedachtnisses\\\/#breadcrumb\",\"itemListElement\":[{\"@type\":\"ListItem\",\"position\":1,\"name\":\"Home\",\"item\":\"https:\\\/\\\/digitalculturesandarts.ch\\\/\"},{\"@type\":\"ListItem\",\"position\":2,\"name\":\"Seminar: \u00abUmk\u00e4mpfte Archive. Zur Zukunft des digitalen Ged\u00e4chtnisses\u00bb\"}]},{\"@type\":\"WebSite\",\"@id\":\"https:\\\/\\\/digitalculturesandarts.ch\\\/#website\",\"url\":\"https:\\\/\\\/digitalculturesandarts.ch\\\/\",\"name\":\"digital cultures and arts\",\"description\":\"Bridge Professorship between the University of Zurich and Zurich University of the Arts\",\"publisher\":{\"@id\":\"https:\\\/\\\/digitalculturesandarts.ch\\\/#organization\"},\"alternateName\":\"digitale kulturen und k\u00fcnste\",\"potentialAction\":[{\"@type\":\"SearchAction\",\"target\":{\"@type\":\"EntryPoint\",\"urlTemplate\":\"https:\\\/\\\/digitalculturesandarts.ch\\\/?s={search_term_string}\"},\"query-input\":{\"@type\":\"PropertyValueSpecification\",\"valueRequired\":true,\"valueName\":\"search_term_string\"}}],\"inLanguage\":\"de-CH\"},{\"@type\":\"Organization\",\"@id\":\"https:\\\/\\\/digitalculturesandarts.ch\\\/#organization\",\"name\":\"digital cultures and arts\",\"alternateName\":\"digitale kulturen und k\u00fcnste\",\"url\":\"https:\\\/\\\/digitalculturesandarts.ch\\\/\",\"logo\":{\"@type\":\"ImageObject\",\"inLanguage\":\"de-CH\",\"@id\":\"https:\\\/\\\/digitalculturesandarts.ch\\\/#\\\/schema\\\/logo\\\/image\\\/\",\"url\":\"https:\\\/\\\/digitalculturesandarts.ch\\\/wp-content\\\/uploads\\\/2025\\\/04\\\/cropped-col.png\",\"contentUrl\":\"https:\\\/\\\/digitalculturesandarts.ch\\\/wp-content\\\/uploads\\\/2025\\\/04\\\/cropped-col.png\",\"width\":512,\"height\":512,\"caption\":\"digital cultures and arts\"},\"image\":{\"@id\":\"https:\\\/\\\/digitalculturesandarts.ch\\\/#\\\/schema\\\/logo\\\/image\\\/\"},\"sameAs\":[\"https:\\\/\\\/www.instagram.com\\\/digitalculturesandarts\\\/\"]},{\"@type\":\"Person\",\"@id\":\"https:\\\/\\\/digitalculturesandarts.ch\\\/#\\\/schema\\\/person\\\/294bc711a635d139193f51c0a1cf456a\",\"name\":\"Lars\",\"image\":{\"@type\":\"ImageObject\",\"inLanguage\":\"de-CH\",\"@id\":\"https:\\\/\\\/secure.gravatar.com\\\/avatar\\\/f6e722b128afda74ecd5a565b332c1fcb022f1fe25ef4c1d5570b6232a140524?s=96&d=mm&r=g\",\"url\":\"https:\\\/\\\/secure.gravatar.com\\\/avatar\\\/f6e722b128afda74ecd5a565b332c1fcb022f1fe25ef4c1d5570b6232a140524?s=96&d=mm&r=g\",\"contentUrl\":\"https:\\\/\\\/secure.gravatar.com\\\/avatar\\\/f6e722b128afda74ecd5a565b332c1fcb022f1fe25ef4c1d5570b6232a140524?s=96&d=mm&r=g\",\"caption\":\"Lars\"},\"url\":\"https:\\\/\\\/digitalculturesandarts.ch\\\/de\\\/author\\\/admin\\\/\"}]}<\/script>\n<!-- \/ Yoast SEO plugin. -->","yoast_head_json":{"title":"Seminar: \u00abUmk\u00e4mpfte Archive. Zur Zukunft des digitalen Ged\u00e4chtnisses\u00bb - digital cultures and arts","robots":{"index":"index","follow":"follow","max-snippet":"max-snippet:-1","max-image-preview":"max-image-preview:large","max-video-preview":"max-video-preview:-1"},"canonical":"https:\/\/digitalculturesandarts.ch\/de\/seminar-umkampfte-archive-zur-zukunft-des-digitalen-gedachtnisses\/","og_locale":"de_DE","og_type":"article","og_title":"Seminar: \u00abUmk\u00e4mpfte Archive. Zur Zukunft des digitalen Ged\u00e4chtnisses\u00bb - digital cultures and arts","og_description":"Historische Archive waren schon immer umk\u00e4mpfte Orte. Welche Spuren der Geschichte institutionell bewahrt werden und wessen Erinnerungen Eingang in das kollektive Ged\u00e4chtnis finden, das waren und sind hochpolitische Fragen. In diesem Sinne war die Digitalisierung von Archivbest\u00e4nden, wie sie seit den 1990er Jahren in grossem Massstab vorangetrieben wurde, nicht allein mit dem Versprechen eines niedrigschwelligen [&hellip;]","og_url":"https:\/\/digitalculturesandarts.ch\/de\/seminar-umkampfte-archive-zur-zukunft-des-digitalen-gedachtnisses\/","og_site_name":"digital cultures and arts","article_published_time":"2025-09-05T11:05:01+00:00","article_modified_time":"2025-12-05T21:35:22+00:00","og_image":[{"width":1024,"height":765,"url":"https:\/\/digitalculturesandarts.ch\/wp-content\/uploads\/2025\/09\/duotone-12.png","type":"image\/png"}],"author":"Lars","twitter_card":"summary_large_image","schema":{"@context":"https:\/\/schema.org","@graph":[{"@type":"Article","@id":"https:\/\/digitalculturesandarts.ch\/seminar-umkampfte-archive-zur-zukunft-des-digitalen-gedachtnisses\/#article","isPartOf":{"@id":"https:\/\/digitalculturesandarts.ch\/seminar-umkampfte-archive-zur-zukunft-des-digitalen-gedachtnisses\/"},"author":{"name":"Lars","@id":"https:\/\/digitalculturesandarts.ch\/#\/schema\/person\/294bc711a635d139193f51c0a1cf456a"},"headline":"Seminar: \u00abUmk\u00e4mpfte Archive. Zur Zukunft des digitalen Ged\u00e4chtnisses\u00bb","datePublished":"2025-09-05T11:05:01+00:00","dateModified":"2025-12-05T21:35:22+00:00","mainEntityOfPage":{"@id":"https:\/\/digitalculturesandarts.ch\/seminar-umkampfte-archive-zur-zukunft-des-digitalen-gedachtnisses\/"},"wordCount":282,"publisher":{"@id":"https:\/\/digitalculturesandarts.ch\/#organization"},"image":{"@id":"https:\/\/digitalculturesandarts.ch\/seminar-umkampfte-archive-zur-zukunft-des-digitalen-gedachtnisses\/#primaryimage"},"thumbnailUrl":"https:\/\/digitalculturesandarts.ch\/wp-content\/uploads\/2025\/09\/duotone-12.png","articleSection":["Teaching"],"inLanguage":"de-CH"},{"@type":"WebPage","@id":"https:\/\/digitalculturesandarts.ch\/seminar-umkampfte-archive-zur-zukunft-des-digitalen-gedachtnisses\/","url":"https:\/\/digitalculturesandarts.ch\/seminar-umkampfte-archive-zur-zukunft-des-digitalen-gedachtnisses\/","name":"Seminar: \u00abUmk\u00e4mpfte Archive. Zur Zukunft des digitalen Ged\u00e4chtnisses\u00bb - digital cultures and arts","isPartOf":{"@id":"https:\/\/digitalculturesandarts.ch\/#website"},"primaryImageOfPage":{"@id":"https:\/\/digitalculturesandarts.ch\/seminar-umkampfte-archive-zur-zukunft-des-digitalen-gedachtnisses\/#primaryimage"},"image":{"@id":"https:\/\/digitalculturesandarts.ch\/seminar-umkampfte-archive-zur-zukunft-des-digitalen-gedachtnisses\/#primaryimage"},"thumbnailUrl":"https:\/\/digitalculturesandarts.ch\/wp-content\/uploads\/2025\/09\/duotone-12.png","datePublished":"2025-09-05T11:05:01+00:00","dateModified":"2025-12-05T21:35:22+00:00","breadcrumb":{"@id":"https:\/\/digitalculturesandarts.ch\/seminar-umkampfte-archive-zur-zukunft-des-digitalen-gedachtnisses\/#breadcrumb"},"inLanguage":"de-CH","potentialAction":[{"@type":"ReadAction","target":["https:\/\/digitalculturesandarts.ch\/seminar-umkampfte-archive-zur-zukunft-des-digitalen-gedachtnisses\/"]}]},{"@type":"ImageObject","inLanguage":"de-CH","@id":"https:\/\/digitalculturesandarts.ch\/seminar-umkampfte-archive-zur-zukunft-des-digitalen-gedachtnisses\/#primaryimage","url":"https:\/\/digitalculturesandarts.ch\/wp-content\/uploads\/2025\/09\/duotone-12.png","contentUrl":"https:\/\/digitalculturesandarts.ch\/wp-content\/uploads\/2025\/09\/duotone-12.png","width":1024,"height":765},{"@type":"BreadcrumbList","@id":"https:\/\/digitalculturesandarts.ch\/seminar-umkampfte-archive-zur-zukunft-des-digitalen-gedachtnisses\/#breadcrumb","itemListElement":[{"@type":"ListItem","position":1,"name":"Home","item":"https:\/\/digitalculturesandarts.ch\/"},{"@type":"ListItem","position":2,"name":"Seminar: \u00abUmk\u00e4mpfte Archive. Zur Zukunft des digitalen Ged\u00e4chtnisses\u00bb"}]},{"@type":"WebSite","@id":"https:\/\/digitalculturesandarts.ch\/#website","url":"https:\/\/digitalculturesandarts.ch\/","name":"digitale kulturen und k\u00fcnste","description":"Bridge Professorship between the University of Zurich and Zurich University of the Arts","publisher":{"@id":"https:\/\/digitalculturesandarts.ch\/#organization"},"alternateName":"digitale kulturen und k\u00fcnste","potentialAction":[{"@type":"SearchAction","target":{"@type":"EntryPoint","urlTemplate":"https:\/\/digitalculturesandarts.ch\/?s={search_term_string}"},"query-input":{"@type":"PropertyValueSpecification","valueRequired":true,"valueName":"search_term_string"}}],"inLanguage":"de-CH"},{"@type":"Organization","@id":"https:\/\/digitalculturesandarts.ch\/#organization","name":"digitale kulturen und k\u00fcnste","alternateName":"digitale kulturen und k\u00fcnste","url":"https:\/\/digitalculturesandarts.ch\/","logo":{"@type":"ImageObject","inLanguage":"de-CH","@id":"https:\/\/digitalculturesandarts.ch\/#\/schema\/logo\/image\/","url":"https:\/\/digitalculturesandarts.ch\/wp-content\/uploads\/2025\/04\/cropped-col.png","contentUrl":"https:\/\/digitalculturesandarts.ch\/wp-content\/uploads\/2025\/04\/cropped-col.png","width":512,"height":512,"caption":"digital cultures and arts"},"image":{"@id":"https:\/\/digitalculturesandarts.ch\/#\/schema\/logo\/image\/"},"sameAs":["https:\/\/www.instagram.com\/digitalculturesandarts\/"]},{"@type":"Person","@id":"https:\/\/digitalculturesandarts.ch\/#\/schema\/person\/294bc711a635d139193f51c0a1cf456a","name":"Lars","image":{"@type":"ImageObject","inLanguage":"de-CH","@id":"https:\/\/secure.gravatar.com\/avatar\/f6e722b128afda74ecd5a565b332c1fcb022f1fe25ef4c1d5570b6232a140524?s=96&d=mm&r=g","url":"https:\/\/secure.gravatar.com\/avatar\/f6e722b128afda74ecd5a565b332c1fcb022f1fe25ef4c1d5570b6232a140524?s=96&d=mm&r=g","contentUrl":"https:\/\/secure.gravatar.com\/avatar\/f6e722b128afda74ecd5a565b332c1fcb022f1fe25ef4c1d5570b6232a140524?s=96&d=mm&r=g","caption":"Lars"},"url":"https:\/\/digitalculturesandarts.ch\/de\/author\/admin\/"}]}},"mfb_rest_fields":["title","yoast_head","yoast_head_json"],"_links":{"self":[{"href":"https:\/\/digitalculturesandarts.ch\/de\/wp-json\/wp\/v2\/posts\/6367","targetHints":{"allow":["GET"]}}],"collection":[{"href":"https:\/\/digitalculturesandarts.ch\/de\/wp-json\/wp\/v2\/posts"}],"about":[{"href":"https:\/\/digitalculturesandarts.ch\/de\/wp-json\/wp\/v2\/types\/post"}],"author":[{"embeddable":true,"href":"https:\/\/digitalculturesandarts.ch\/de\/wp-json\/wp\/v2\/users\/2"}],"replies":[{"embeddable":true,"href":"https:\/\/digitalculturesandarts.ch\/de\/wp-json\/wp\/v2\/comments?post=6367"}],"version-history":[{"count":16,"href":"https:\/\/digitalculturesandarts.ch\/de\/wp-json\/wp\/v2\/posts\/6367\/revisions"}],"predecessor-version":[{"id":6423,"href":"https:\/\/digitalculturesandarts.ch\/de\/wp-json\/wp\/v2\/posts\/6367\/revisions\/6423"}],"wp:featuredmedia":[{"embeddable":true,"href":"https:\/\/digitalculturesandarts.ch\/de\/wp-json\/wp\/v2\/media\/6495"}],"wp:attachment":[{"href":"https:\/\/digitalculturesandarts.ch\/de\/wp-json\/wp\/v2\/media?parent=6367"}],"wp:term":[{"taxonomy":"category","embeddable":true,"href":"https:\/\/digitalculturesandarts.ch\/de\/wp-json\/wp\/v2\/categories?post=6367"},{"taxonomy":"post_tag","embeddable":true,"href":"https:\/\/digitalculturesandarts.ch\/de\/wp-json\/wp\/v2\/tags?post=6367"}],"curies":[{"name":"wp","href":"https:\/\/api.w.org\/{rel}","templated":true}]}}