{"id":2650,"date":"2025-03-14T14:57:00","date_gmt":"2025-03-14T14:57:00","guid":{"rendered":"https:\/\/qiq.mjf.mybluehost.me\/?p=2650"},"modified":"2025-12-05T21:57:35","modified_gmt":"2025-12-05T21:57:35","slug":"roland-meyer-die-vernichtung-und-die-wiederherstellung-der-geschichte-frankfurter-allgemeine-sonntagszeitung","status":"publish","type":"post","link":"https:\/\/digitalculturesandarts.ch\/de\/roland-meyer-die-vernichtung-und-die-wiederherstellung-der-geschichte-frankfurter-allgemeine-sonntagszeitung\/","title":{"rendered":"Roland Meyer: \u00abDie Vernichtung und die Wiederherstellung der Geschichte\u00bb"},"content":{"rendered":"<p class=\"\">Neuer Artikel von Roland Meyer in der FAZ:<\/p>\n\n\n\n<p class=\"\">\u00abUnsere Zukunft ist sicher, nur die Vergangenheit ist unvorhersehbar, so lautete ein russischer Witz zu Sowjetzeiten. Wie rasch die Vergangenheit unvorhersehbar wird, l\u00e4sst sich derzeit in den USA beobachten. Der autorit\u00e4re Staatsumbau, den die Trump-Regierung im Schnelldurchlauf vorantreibt, hat n\u00e4mlich auch den Umgang mit der historischen \u00dcberlieferung erreicht. Anfang M\u00e4rz wurde bekannt, dass das Pentagon rund 26.000 Fotos auf den Websites des US-Milit\u00e4rs zur L\u00f6schung markiert hat. Darunter finden sich historische Aufnahmen schwarzer Soldaten im\u00a0Zweiten Weltkrieg\u00a0ebenso wie Portr\u00e4ts von Christina Fuentes Montenegro, die 2013 als eine der ersten Frauen erfolgreich eine Infanterieausbildung absolviert hat. Teilweise sind die Bilder bereits aus dem Netz verschwunden. Ob sie anderswo dauerhaft archiviert werden, ist ungewiss.\u00bb<\/p>\n\n\n\n<p class=\"\"><a href=\"https:\/\/www.faz.net\/aktuell\/feuilleton\/medien\/wo-us-behoerden-archivbilder-von-minderheiten-loeschen-110354085.html\">Den ganzen Artikel lesen<\/a><\/p>\n\n\n\n<p class=\"\"><\/p>","protected":false},"excerpt":{"rendered":"<p>New article by Roland Meyer in the FAZ (in German): \u00abUnsere Zukunft ist sicher, nur die Vergangenheit ist unvorhersehbar, so lautete ein russischer Witz zu Sowjetzeiten. Wie rasch die Vergangenheit unvorhersehbar wird, l\u00e4sst sich derzeit in den USA beobachten. Der autorit\u00e4re Staatsumbau, den die Trump-Regierung im Schnelldurchlauf vorantreibt, hat n\u00e4mlich auch den Umgang mit der [&hellip;]<\/p>\n","protected":false},"author":1,"featured_media":6509,"comment_status":"open","ping_status":"open","sticky":false,"template":"","format":"standard","meta":{"nf_dc_page":"","_coblocks_attr":"","_coblocks_dimensions":"","_coblocks_responsive_height":"","_coblocks_accordion_ie_support":"","_FSMCFIC_featured_image_caption":"AP | \u00a9 United States Army","_FSMCFIC_featured_image_nocaption":"","_FSMCFIC_featured_image_hide":"","footnotes":""},"categories":[16],"tags":[50],"class_list":["post-2650","post","type-post","status-publish","format-standard","has-post-thumbnail","hentry","category-news","tag-archives"],"mb":[],"yoast_head":"<!-- This site is optimized with the Yoast SEO plugin v27.4 - https:\/\/yoast.com\/product\/yoast-seo-wordpress\/ -->\n<title>Roland Meyer: \u00abDie Vernichtung und die Wiederherstellung der Geschichte\u00bb - digital cultures and arts<\/title>\n<meta name=\"robots\" content=\"index, follow, max-snippet:-1, max-image-preview:large, max-video-preview:-1\" \/>\n<link rel=\"canonical\" href=\"https:\/\/digitalculturesandarts.ch\/de\/roland-meyer-die-vernichtung-und-die-wiederherstellung-der-geschichte-frankfurter-allgemeine-sonntagszeitung\/\" \/>\n<meta property=\"og:locale\" content=\"de_DE\" \/>\n<meta property=\"og:type\" content=\"article\" \/>\n<meta property=\"og:title\" content=\"Roland Meyer: \u00abDie Vernichtung und die Wiederherstellung der Geschichte\u00bb - digital cultures and arts\" \/>\n<meta property=\"og:description\" content=\"New article by Roland Meyer in the FAZ (in German): \u00abUnsere Zukunft ist sicher, nur die Vergangenheit ist unvorhersehbar, so lautete ein russischer Witz zu Sowjetzeiten. Wie rasch die Vergangenheit unvorhersehbar wird, l\u00e4sst sich derzeit in den USA beobachten. Der autorit\u00e4re Staatsumbau, den die Trump-Regierung im Schnelldurchlauf vorantreibt, hat n\u00e4mlich auch den Umgang mit der [&hellip;]\" \/>\n<meta property=\"og:url\" content=\"https:\/\/digitalculturesandarts.ch\/de\/roland-meyer-die-vernichtung-und-die-wiederherstellung-der-geschichte-frankfurter-allgemeine-sonntagszeitung\/\" \/>\n<meta property=\"og:site_name\" content=\"digital cultures and arts\" \/>\n<meta property=\"article:published_time\" content=\"2025-03-14T14:57:00+00:00\" \/>\n<meta property=\"article:modified_time\" content=\"2025-12-05T21:57:35+00:00\" \/>\n<meta property=\"og:image\" content=\"https:\/\/digitalculturesandarts.ch\/wp-content\/uploads\/2025\/03\/duotone-5.png\" \/>\n\t<meta property=\"og:image:width\" content=\"560\" \/>\n\t<meta property=\"og:image:height\" content=\"369\" \/>\n\t<meta property=\"og:image:type\" content=\"image\/png\" \/>\n<meta name=\"author\" content=\"Lars Pinkwart\" \/>\n<meta name=\"twitter:card\" content=\"summary_large_image\" \/>\n<script type=\"application\/ld+json\" class=\"yoast-schema-graph\">{\"@context\":\"https:\\\/\\\/schema.org\",\"@graph\":[{\"@type\":\"Article\",\"@id\":\"https:\\\/\\\/digitalculturesandarts.ch\\\/roland-meyer-die-vernichtung-und-die-wiederherstellung-der-geschichte-frankfurter-allgemeine-sonntagszeitung\\\/#article\",\"isPartOf\":{\"@id\":\"https:\\\/\\\/digitalculturesandarts.ch\\\/roland-meyer-die-vernichtung-und-die-wiederherstellung-der-geschichte-frankfurter-allgemeine-sonntagszeitung\\\/\"},\"author\":{\"name\":\"Lars Pinkwart\",\"@id\":\"https:\\\/\\\/digitalculturesandarts.ch\\\/#\\\/schema\\\/person\\\/515b79435c60421a2c35ab4519a27a71\"},\"headline\":\"Roland Meyer: \u00abDie Vernichtung und die Wiederherstellung der Geschichte\u00bb\",\"datePublished\":\"2025-03-14T14:57:00+00:00\",\"dateModified\":\"2025-12-05T21:57:35+00:00\",\"mainEntityOfPage\":{\"@id\":\"https:\\\/\\\/digitalculturesandarts.ch\\\/roland-meyer-die-vernichtung-und-die-wiederherstellung-der-geschichte-frankfurter-allgemeine-sonntagszeitung\\\/\"},\"wordCount\":142,\"commentCount\":0,\"publisher\":{\"@id\":\"https:\\\/\\\/digitalculturesandarts.ch\\\/#organization\"},\"image\":{\"@id\":\"https:\\\/\\\/digitalculturesandarts.ch\\\/roland-meyer-die-vernichtung-und-die-wiederherstellung-der-geschichte-frankfurter-allgemeine-sonntagszeitung\\\/#primaryimage\"},\"thumbnailUrl\":\"https:\\\/\\\/digitalculturesandarts.ch\\\/wp-content\\\/uploads\\\/2025\\\/03\\\/duotone-5.png\",\"keywords\":[\"archives\"],\"articleSection\":[\"News\"],\"inLanguage\":\"de-CH\",\"potentialAction\":[{\"@type\":\"CommentAction\",\"name\":\"Comment\",\"target\":[\"https:\\\/\\\/digitalculturesandarts.ch\\\/roland-meyer-die-vernichtung-und-die-wiederherstellung-der-geschichte-frankfurter-allgemeine-sonntagszeitung\\\/#respond\"]}]},{\"@type\":\"WebPage\",\"@id\":\"https:\\\/\\\/digitalculturesandarts.ch\\\/roland-meyer-die-vernichtung-und-die-wiederherstellung-der-geschichte-frankfurter-allgemeine-sonntagszeitung\\\/\",\"url\":\"https:\\\/\\\/digitalculturesandarts.ch\\\/roland-meyer-die-vernichtung-und-die-wiederherstellung-der-geschichte-frankfurter-allgemeine-sonntagszeitung\\\/\",\"name\":\"Roland Meyer: \u00abDie Vernichtung und die Wiederherstellung der Geschichte\u00bb - digital cultures and arts\",\"isPartOf\":{\"@id\":\"https:\\\/\\\/digitalculturesandarts.ch\\\/#website\"},\"primaryImageOfPage\":{\"@id\":\"https:\\\/\\\/digitalculturesandarts.ch\\\/roland-meyer-die-vernichtung-und-die-wiederherstellung-der-geschichte-frankfurter-allgemeine-sonntagszeitung\\\/#primaryimage\"},\"image\":{\"@id\":\"https:\\\/\\\/digitalculturesandarts.ch\\\/roland-meyer-die-vernichtung-und-die-wiederherstellung-der-geschichte-frankfurter-allgemeine-sonntagszeitung\\\/#primaryimage\"},\"thumbnailUrl\":\"https:\\\/\\\/digitalculturesandarts.ch\\\/wp-content\\\/uploads\\\/2025\\\/03\\\/duotone-5.png\",\"datePublished\":\"2025-03-14T14:57:00+00:00\",\"dateModified\":\"2025-12-05T21:57:35+00:00\",\"breadcrumb\":{\"@id\":\"https:\\\/\\\/digitalculturesandarts.ch\\\/roland-meyer-die-vernichtung-und-die-wiederherstellung-der-geschichte-frankfurter-allgemeine-sonntagszeitung\\\/#breadcrumb\"},\"inLanguage\":\"de-CH\",\"potentialAction\":[{\"@type\":\"ReadAction\",\"target\":[\"https:\\\/\\\/digitalculturesandarts.ch\\\/roland-meyer-die-vernichtung-und-die-wiederherstellung-der-geschichte-frankfurter-allgemeine-sonntagszeitung\\\/\"]}]},{\"@type\":\"ImageObject\",\"inLanguage\":\"de-CH\",\"@id\":\"https:\\\/\\\/digitalculturesandarts.ch\\\/roland-meyer-die-vernichtung-und-die-wiederherstellung-der-geschichte-frankfurter-allgemeine-sonntagszeitung\\\/#primaryimage\",\"url\":\"https:\\\/\\\/digitalculturesandarts.ch\\\/wp-content\\\/uploads\\\/2025\\\/03\\\/duotone-5.png\",\"contentUrl\":\"https:\\\/\\\/digitalculturesandarts.ch\\\/wp-content\\\/uploads\\\/2025\\\/03\\\/duotone-5.png\",\"width\":560,\"height\":369},{\"@type\":\"BreadcrumbList\",\"@id\":\"https:\\\/\\\/digitalculturesandarts.ch\\\/roland-meyer-die-vernichtung-und-die-wiederherstellung-der-geschichte-frankfurter-allgemeine-sonntagszeitung\\\/#breadcrumb\",\"itemListElement\":[{\"@type\":\"ListItem\",\"position\":1,\"name\":\"Home\",\"item\":\"https:\\\/\\\/digitalculturesandarts.ch\\\/\"},{\"@type\":\"ListItem\",\"position\":2,\"name\":\"Roland Meyer: \u00abDie Vernichtung und die Wiederherstellung der Geschichte\u00bb\"}]},{\"@type\":\"WebSite\",\"@id\":\"https:\\\/\\\/digitalculturesandarts.ch\\\/#website\",\"url\":\"https:\\\/\\\/digitalculturesandarts.ch\\\/\",\"name\":\"digital cultures and arts\",\"description\":\"Bridge Professorship between the University of Zurich and Zurich University of the Arts\",\"publisher\":{\"@id\":\"https:\\\/\\\/digitalculturesandarts.ch\\\/#organization\"},\"alternateName\":\"digitale kulturen und k\u00fcnste\",\"potentialAction\":[{\"@type\":\"SearchAction\",\"target\":{\"@type\":\"EntryPoint\",\"urlTemplate\":\"https:\\\/\\\/digitalculturesandarts.ch\\\/?s={search_term_string}\"},\"query-input\":{\"@type\":\"PropertyValueSpecification\",\"valueRequired\":true,\"valueName\":\"search_term_string\"}}],\"inLanguage\":\"de-CH\"},{\"@type\":\"Organization\",\"@id\":\"https:\\\/\\\/digitalculturesandarts.ch\\\/#organization\",\"name\":\"digital cultures and arts\",\"alternateName\":\"digitale kulturen und k\u00fcnste\",\"url\":\"https:\\\/\\\/digitalculturesandarts.ch\\\/\",\"logo\":{\"@type\":\"ImageObject\",\"inLanguage\":\"de-CH\",\"@id\":\"https:\\\/\\\/digitalculturesandarts.ch\\\/#\\\/schema\\\/logo\\\/image\\\/\",\"url\":\"https:\\\/\\\/digitalculturesandarts.ch\\\/wp-content\\\/uploads\\\/2025\\\/04\\\/cropped-col.png\",\"contentUrl\":\"https:\\\/\\\/digitalculturesandarts.ch\\\/wp-content\\\/uploads\\\/2025\\\/04\\\/cropped-col.png\",\"width\":512,\"height\":512,\"caption\":\"digital cultures and arts\"},\"image\":{\"@id\":\"https:\\\/\\\/digitalculturesandarts.ch\\\/#\\\/schema\\\/logo\\\/image\\\/\"},\"sameAs\":[\"https:\\\/\\\/www.instagram.com\\\/digitalculturesandarts\\\/\"]},{\"@type\":\"Person\",\"@id\":\"https:\\\/\\\/digitalculturesandarts.ch\\\/#\\\/schema\\\/person\\\/515b79435c60421a2c35ab4519a27a71\",\"name\":\"Lars Pinkwart\",\"image\":{\"@type\":\"ImageObject\",\"inLanguage\":\"de-CH\",\"@id\":\"https:\\\/\\\/secure.gravatar.com\\\/avatar\\\/cb990730af9ab797a3264d84000dc9acc3181bbff95f1d655fedd8211e19f493?s=96&d=mm&r=g\",\"url\":\"https:\\\/\\\/secure.gravatar.com\\\/avatar\\\/cb990730af9ab797a3264d84000dc9acc3181bbff95f1d655fedd8211e19f493?s=96&d=mm&r=g\",\"contentUrl\":\"https:\\\/\\\/secure.gravatar.com\\\/avatar\\\/cb990730af9ab797a3264d84000dc9acc3181bbff95f1d655fedd8211e19f493?s=96&d=mm&r=g\",\"caption\":\"Lars Pinkwart\"},\"url\":\"https:\\\/\\\/digitalculturesandarts.ch\\\/de\\\/author\\\/lars\\\/\"}]}<\/script>\n<!-- \/ Yoast SEO plugin. -->","yoast_head_json":{"title":"Roland Meyer: \u00abDie Vernichtung und die Wiederherstellung der Geschichte\u00bb - digital cultures and arts","robots":{"index":"index","follow":"follow","max-snippet":"max-snippet:-1","max-image-preview":"max-image-preview:large","max-video-preview":"max-video-preview:-1"},"canonical":"https:\/\/digitalculturesandarts.ch\/de\/roland-meyer-die-vernichtung-und-die-wiederherstellung-der-geschichte-frankfurter-allgemeine-sonntagszeitung\/","og_locale":"de_DE","og_type":"article","og_title":"Roland Meyer: \u00abDie Vernichtung und die Wiederherstellung der Geschichte\u00bb - digital cultures and arts","og_description":"New article by Roland Meyer in the FAZ (in German): \u00abUnsere Zukunft ist sicher, nur die Vergangenheit ist unvorhersehbar, so lautete ein russischer Witz zu Sowjetzeiten. Wie rasch die Vergangenheit unvorhersehbar wird, l\u00e4sst sich derzeit in den USA beobachten. Der autorit\u00e4re Staatsumbau, den die Trump-Regierung im Schnelldurchlauf vorantreibt, hat n\u00e4mlich auch den Umgang mit der [&hellip;]","og_url":"https:\/\/digitalculturesandarts.ch\/de\/roland-meyer-die-vernichtung-und-die-wiederherstellung-der-geschichte-frankfurter-allgemeine-sonntagszeitung\/","og_site_name":"digital cultures and arts","article_published_time":"2025-03-14T14:57:00+00:00","article_modified_time":"2025-12-05T21:57:35+00:00","og_image":[{"width":560,"height":369,"url":"https:\/\/digitalculturesandarts.ch\/wp-content\/uploads\/2025\/03\/duotone-5.png","type":"image\/png"}],"author":"Lars Pinkwart","twitter_card":"summary_large_image","schema":{"@context":"https:\/\/schema.org","@graph":[{"@type":"Article","@id":"https:\/\/digitalculturesandarts.ch\/roland-meyer-die-vernichtung-und-die-wiederherstellung-der-geschichte-frankfurter-allgemeine-sonntagszeitung\/#article","isPartOf":{"@id":"https:\/\/digitalculturesandarts.ch\/roland-meyer-die-vernichtung-und-die-wiederherstellung-der-geschichte-frankfurter-allgemeine-sonntagszeitung\/"},"author":{"name":"Lars Pinkwart","@id":"https:\/\/digitalculturesandarts.ch\/#\/schema\/person\/515b79435c60421a2c35ab4519a27a71"},"headline":"Roland Meyer: \u00abDie Vernichtung und die Wiederherstellung der Geschichte\u00bb","datePublished":"2025-03-14T14:57:00+00:00","dateModified":"2025-12-05T21:57:35+00:00","mainEntityOfPage":{"@id":"https:\/\/digitalculturesandarts.ch\/roland-meyer-die-vernichtung-und-die-wiederherstellung-der-geschichte-frankfurter-allgemeine-sonntagszeitung\/"},"wordCount":142,"commentCount":0,"publisher":{"@id":"https:\/\/digitalculturesandarts.ch\/#organization"},"image":{"@id":"https:\/\/digitalculturesandarts.ch\/roland-meyer-die-vernichtung-und-die-wiederherstellung-der-geschichte-frankfurter-allgemeine-sonntagszeitung\/#primaryimage"},"thumbnailUrl":"https:\/\/digitalculturesandarts.ch\/wp-content\/uploads\/2025\/03\/duotone-5.png","keywords":["archives"],"articleSection":["News"],"inLanguage":"de-CH","potentialAction":[{"@type":"CommentAction","name":"Comment","target":["https:\/\/digitalculturesandarts.ch\/roland-meyer-die-vernichtung-und-die-wiederherstellung-der-geschichte-frankfurter-allgemeine-sonntagszeitung\/#respond"]}]},{"@type":"WebPage","@id":"https:\/\/digitalculturesandarts.ch\/roland-meyer-die-vernichtung-und-die-wiederherstellung-der-geschichte-frankfurter-allgemeine-sonntagszeitung\/","url":"https:\/\/digitalculturesandarts.ch\/roland-meyer-die-vernichtung-und-die-wiederherstellung-der-geschichte-frankfurter-allgemeine-sonntagszeitung\/","name":"Roland Meyer: \u00abDie Vernichtung und die Wiederherstellung der Geschichte\u00bb - digital cultures and arts","isPartOf":{"@id":"https:\/\/digitalculturesandarts.ch\/#website"},"primaryImageOfPage":{"@id":"https:\/\/digitalculturesandarts.ch\/roland-meyer-die-vernichtung-und-die-wiederherstellung-der-geschichte-frankfurter-allgemeine-sonntagszeitung\/#primaryimage"},"image":{"@id":"https:\/\/digitalculturesandarts.ch\/roland-meyer-die-vernichtung-und-die-wiederherstellung-der-geschichte-frankfurter-allgemeine-sonntagszeitung\/#primaryimage"},"thumbnailUrl":"https:\/\/digitalculturesandarts.ch\/wp-content\/uploads\/2025\/03\/duotone-5.png","datePublished":"2025-03-14T14:57:00+00:00","dateModified":"2025-12-05T21:57:35+00:00","breadcrumb":{"@id":"https:\/\/digitalculturesandarts.ch\/roland-meyer-die-vernichtung-und-die-wiederherstellung-der-geschichte-frankfurter-allgemeine-sonntagszeitung\/#breadcrumb"},"inLanguage":"de-CH","potentialAction":[{"@type":"ReadAction","target":["https:\/\/digitalculturesandarts.ch\/roland-meyer-die-vernichtung-und-die-wiederherstellung-der-geschichte-frankfurter-allgemeine-sonntagszeitung\/"]}]},{"@type":"ImageObject","inLanguage":"de-CH","@id":"https:\/\/digitalculturesandarts.ch\/roland-meyer-die-vernichtung-und-die-wiederherstellung-der-geschichte-frankfurter-allgemeine-sonntagszeitung\/#primaryimage","url":"https:\/\/digitalculturesandarts.ch\/wp-content\/uploads\/2025\/03\/duotone-5.png","contentUrl":"https:\/\/digitalculturesandarts.ch\/wp-content\/uploads\/2025\/03\/duotone-5.png","width":560,"height":369},{"@type":"BreadcrumbList","@id":"https:\/\/digitalculturesandarts.ch\/roland-meyer-die-vernichtung-und-die-wiederherstellung-der-geschichte-frankfurter-allgemeine-sonntagszeitung\/#breadcrumb","itemListElement":[{"@type":"ListItem","position":1,"name":"Home","item":"https:\/\/digitalculturesandarts.ch\/"},{"@type":"ListItem","position":2,"name":"Roland Meyer: \u00abDie Vernichtung und die Wiederherstellung der Geschichte\u00bb"}]},{"@type":"WebSite","@id":"https:\/\/digitalculturesandarts.ch\/#website","url":"https:\/\/digitalculturesandarts.ch\/","name":"digitale kulturen und k\u00fcnste","description":"Bridge Professorship between the University of Zurich and Zurich University of the Arts","publisher":{"@id":"https:\/\/digitalculturesandarts.ch\/#organization"},"alternateName":"digitale kulturen und k\u00fcnste","potentialAction":[{"@type":"SearchAction","target":{"@type":"EntryPoint","urlTemplate":"https:\/\/digitalculturesandarts.ch\/?s={search_term_string}"},"query-input":{"@type":"PropertyValueSpecification","valueRequired":true,"valueName":"search_term_string"}}],"inLanguage":"de-CH"},{"@type":"Organization","@id":"https:\/\/digitalculturesandarts.ch\/#organization","name":"digitale kulturen und k\u00fcnste","alternateName":"digitale kulturen und k\u00fcnste","url":"https:\/\/digitalculturesandarts.ch\/","logo":{"@type":"ImageObject","inLanguage":"de-CH","@id":"https:\/\/digitalculturesandarts.ch\/#\/schema\/logo\/image\/","url":"https:\/\/digitalculturesandarts.ch\/wp-content\/uploads\/2025\/04\/cropped-col.png","contentUrl":"https:\/\/digitalculturesandarts.ch\/wp-content\/uploads\/2025\/04\/cropped-col.png","width":512,"height":512,"caption":"digital cultures and arts"},"image":{"@id":"https:\/\/digitalculturesandarts.ch\/#\/schema\/logo\/image\/"},"sameAs":["https:\/\/www.instagram.com\/digitalculturesandarts\/"]},{"@type":"Person","@id":"https:\/\/digitalculturesandarts.ch\/#\/schema\/person\/515b79435c60421a2c35ab4519a27a71","name":"Lars Pinkwart","image":{"@type":"ImageObject","inLanguage":"de-CH","@id":"https:\/\/secure.gravatar.com\/avatar\/cb990730af9ab797a3264d84000dc9acc3181bbff95f1d655fedd8211e19f493?s=96&d=mm&r=g","url":"https:\/\/secure.gravatar.com\/avatar\/cb990730af9ab797a3264d84000dc9acc3181bbff95f1d655fedd8211e19f493?s=96&d=mm&r=g","contentUrl":"https:\/\/secure.gravatar.com\/avatar\/cb990730af9ab797a3264d84000dc9acc3181bbff95f1d655fedd8211e19f493?s=96&d=mm&r=g","caption":"Lars Pinkwart"},"url":"https:\/\/digitalculturesandarts.ch\/de\/author\/lars\/"}]}},"mfb_rest_fields":["title","yoast_head","yoast_head_json"],"_links":{"self":[{"href":"https:\/\/digitalculturesandarts.ch\/de\/wp-json\/wp\/v2\/posts\/2650","targetHints":{"allow":["GET"]}}],"collection":[{"href":"https:\/\/digitalculturesandarts.ch\/de\/wp-json\/wp\/v2\/posts"}],"about":[{"href":"https:\/\/digitalculturesandarts.ch\/de\/wp-json\/wp\/v2\/types\/post"}],"author":[{"embeddable":true,"href":"https:\/\/digitalculturesandarts.ch\/de\/wp-json\/wp\/v2\/users\/1"}],"replies":[{"embeddable":true,"href":"https:\/\/digitalculturesandarts.ch\/de\/wp-json\/wp\/v2\/comments?post=2650"}],"version-history":[{"count":8,"href":"https:\/\/digitalculturesandarts.ch\/de\/wp-json\/wp\/v2\/posts\/2650\/revisions"}],"predecessor-version":[{"id":6442,"href":"https:\/\/digitalculturesandarts.ch\/de\/wp-json\/wp\/v2\/posts\/2650\/revisions\/6442"}],"wp:featuredmedia":[{"embeddable":true,"href":"https:\/\/digitalculturesandarts.ch\/de\/wp-json\/wp\/v2\/media\/6509"}],"wp:attachment":[{"href":"https:\/\/digitalculturesandarts.ch\/de\/wp-json\/wp\/v2\/media?parent=2650"}],"wp:term":[{"taxonomy":"category","embeddable":true,"href":"https:\/\/digitalculturesandarts.ch\/de\/wp-json\/wp\/v2\/categories?post=2650"},{"taxonomy":"post_tag","embeddable":true,"href":"https:\/\/digitalculturesandarts.ch\/de\/wp-json\/wp\/v2\/tags?post=2650"}],"curies":[{"name":"wp","href":"https:\/\/api.w.org\/{rel}","templated":true}]}}