{"id":1947,"date":"2024-09-14T13:33:09","date_gmt":"2024-09-14T13:33:09","guid":{"rendered":"https:\/\/qiq.mjf.mybluehost.me\/?p=1947"},"modified":"2025-12-05T22:04:33","modified_gmt":"2025-12-05T22:04:33","slug":"seminar-fall-2024-generative-ki-und-visuelle-kultur","status":"publish","type":"post","link":"https:\/\/digitalculturesandarts.ch\/de\/seminar-fall-2024-generative-ki-und-visuelle-kultur\/","title":{"rendered":"Seminar: Generative KI und Visuelle Kultur"},"content":{"rendered":"<p class=\"\">KI-generierte Bilder sind l\u00e4ngst Teil unserer visuellen Alltagskultur geworden. T\u00e4glich werden sie millionenfach in sozialen Netzwerken geteilt, begegnen uns auf Zeitschriftencovern, in Galerien und auf Werbeplakaten. Doch war generative KI von Beginn an h\u00f6chst umstritten. Wo manche von ungeahnten k\u00fcnstlerischen M\u00f6glichkeiten schw\u00e4rmen, warnen andere vor der massenhaften Aneignung, Ausbeutung und Entwertung kreativer Arbeit durch die gro\u00dfen Tech-Firmen. Und nachdem der erste Hype um Dall-E, Midjourney &amp; Co. abgeklungen scheint, r\u00fccken zunehmend die problematischen Seiten der Technologie in den Fokus: ihr massiver Ressourcen- und Energieverbrauch, ihre Tendenz, rassistische und sexistische Stereotype zu reproduzieren und sogar zu verst\u00e4rken, oder auch die Gefahr massenhafter Desinformation. All diese und weitere Aspekte wollen wir im Seminar kritisch diskutieren - an konkreten Beispielen und auf Basis gemeinsamer Lekt\u00fcren und Recherchen. <\/p>\n\n\n\n<p class=\"\">Wir wollen uns mit den konzeptuellen Grundlagen wie den medienkulturellen Voraussetzungen generativer KI vertraut machen, ihre unterschiedlichen Anwendungsfelder in den Blick nehmen und aktuelle Entwicklungen gemeinsam verfolgen. Bildwissenschaftliche Perspektiven darauf, wie generative KI unsere visuelle Kultur bereits ver\u00e4ndert hat und weiter ver\u00e4ndern wird, sollen dabei ebenso im Zentrum stehen wie die Frage danach, ob und wie ein reflektierter k\u00fcnstlerisch-gestalterischer Umgang mit diesen Technologien aussehen k\u00f6nnte.\u00a0<br><br><\/p>","protected":false},"excerpt":{"rendered":"<p>AI-generated images have now become part of our everyday visual culture. They are shared millions of times a day on social networks and we encounter them on magazine covers, in galleries and on advertising posters. However, generative AI has been highly controversial from the outset. While some rave about unprecedented artistic possibilities, others warn of [&hellip;]<\/p>\n","protected":false},"author":1,"featured_media":6512,"comment_status":"open","ping_status":"open","sticky":false,"template":"","format":"standard","meta":{"nf_dc_page":"","_coblocks_attr":"","_coblocks_dimensions":"","_coblocks_responsive_height":"","_coblocks_accordion_ie_support":"","_FSMCFIC_featured_image_caption":"","_FSMCFIC_featured_image_nocaption":"","_FSMCFIC_featured_image_hide":"","footnotes":""},"categories":[12],"tags":[49],"class_list":["post-1947","post","type-post","status-publish","format-standard","has-post-thumbnail","hentry","category-teaching","tag-generativeai"],"mb":[],"yoast_head":"<!-- This site is optimized with the Yoast SEO plugin v27.4 - https:\/\/yoast.com\/product\/yoast-seo-wordpress\/ -->\n<title>Seminar: Generative KI und Visuelle Kultur - digital cultures and arts<\/title>\n<meta name=\"robots\" content=\"index, follow, max-snippet:-1, max-image-preview:large, max-video-preview:-1\" \/>\n<link rel=\"canonical\" href=\"https:\/\/digitalculturesandarts.ch\/de\/seminar-fall-2024-generative-ki-und-visuelle-kultur\/\" \/>\n<meta property=\"og:locale\" content=\"de_DE\" \/>\n<meta property=\"og:type\" content=\"article\" \/>\n<meta property=\"og:title\" content=\"Seminar: Generative KI und Visuelle Kultur - digital cultures and arts\" \/>\n<meta property=\"og:description\" content=\"AI-generated images have now become part of our everyday visual culture. They are shared millions of times a day on social networks and we encounter them on magazine covers, in galleries and on advertising posters. However, generative AI has been highly controversial from the outset. While some rave about unprecedented artistic possibilities, others warn of [&hellip;]\" \/>\n<meta property=\"og:url\" content=\"https:\/\/digitalculturesandarts.ch\/de\/seminar-fall-2024-generative-ki-und-visuelle-kultur\/\" \/>\n<meta property=\"og:site_name\" content=\"digital cultures and arts\" \/>\n<meta property=\"article:published_time\" content=\"2024-09-14T13:33:09+00:00\" \/>\n<meta property=\"article:modified_time\" content=\"2025-12-05T22:04:33+00:00\" \/>\n<meta property=\"og:image\" content=\"https:\/\/digitalculturesandarts.ch\/wp-content\/uploads\/2025\/03\/duotone-14-1024x585.png\" \/>\n\t<meta property=\"og:image:width\" content=\"1024\" \/>\n\t<meta property=\"og:image:height\" content=\"585\" \/>\n\t<meta property=\"og:image:type\" content=\"image\/png\" \/>\n<meta name=\"author\" content=\"Lars Pinkwart\" \/>\n<meta name=\"twitter:card\" content=\"summary_large_image\" \/>\n<script type=\"application\/ld+json\" class=\"yoast-schema-graph\">{\"@context\":\"https:\\\/\\\/schema.org\",\"@graph\":[{\"@type\":\"Article\",\"@id\":\"https:\\\/\\\/digitalculturesandarts.ch\\\/seminar-fall-2024-generative-ki-und-visuelle-kultur\\\/#article\",\"isPartOf\":{\"@id\":\"https:\\\/\\\/digitalculturesandarts.ch\\\/seminar-fall-2024-generative-ki-und-visuelle-kultur\\\/\"},\"author\":{\"name\":\"Lars Pinkwart\",\"@id\":\"https:\\\/\\\/digitalculturesandarts.ch\\\/#\\\/schema\\\/person\\\/515b79435c60421a2c35ab4519a27a71\"},\"headline\":\"Seminar: Generative KI und Visuelle Kultur\",\"datePublished\":\"2024-09-14T13:33:09+00:00\",\"dateModified\":\"2025-12-05T22:04:33+00:00\",\"mainEntityOfPage\":{\"@id\":\"https:\\\/\\\/digitalculturesandarts.ch\\\/seminar-fall-2024-generative-ki-und-visuelle-kultur\\\/\"},\"wordCount\":173,\"commentCount\":0,\"publisher\":{\"@id\":\"https:\\\/\\\/digitalculturesandarts.ch\\\/#organization\"},\"image\":{\"@id\":\"https:\\\/\\\/digitalculturesandarts.ch\\\/seminar-fall-2024-generative-ki-und-visuelle-kultur\\\/#primaryimage\"},\"thumbnailUrl\":\"https:\\\/\\\/digitalculturesandarts.ch\\\/wp-content\\\/uploads\\\/2025\\\/03\\\/duotone-14.png\",\"keywords\":[\"generativeai\"],\"articleSection\":[\"Teaching\"],\"inLanguage\":\"de-CH\",\"potentialAction\":[{\"@type\":\"CommentAction\",\"name\":\"Comment\",\"target\":[\"https:\\\/\\\/digitalculturesandarts.ch\\\/seminar-fall-2024-generative-ki-und-visuelle-kultur\\\/#respond\"]}]},{\"@type\":\"WebPage\",\"@id\":\"https:\\\/\\\/digitalculturesandarts.ch\\\/seminar-fall-2024-generative-ki-und-visuelle-kultur\\\/\",\"url\":\"https:\\\/\\\/digitalculturesandarts.ch\\\/seminar-fall-2024-generative-ki-und-visuelle-kultur\\\/\",\"name\":\"Seminar: Generative KI und Visuelle Kultur - digital cultures and arts\",\"isPartOf\":{\"@id\":\"https:\\\/\\\/digitalculturesandarts.ch\\\/#website\"},\"primaryImageOfPage\":{\"@id\":\"https:\\\/\\\/digitalculturesandarts.ch\\\/seminar-fall-2024-generative-ki-und-visuelle-kultur\\\/#primaryimage\"},\"image\":{\"@id\":\"https:\\\/\\\/digitalculturesandarts.ch\\\/seminar-fall-2024-generative-ki-und-visuelle-kultur\\\/#primaryimage\"},\"thumbnailUrl\":\"https:\\\/\\\/digitalculturesandarts.ch\\\/wp-content\\\/uploads\\\/2025\\\/03\\\/duotone-14.png\",\"datePublished\":\"2024-09-14T13:33:09+00:00\",\"dateModified\":\"2025-12-05T22:04:33+00:00\",\"breadcrumb\":{\"@id\":\"https:\\\/\\\/digitalculturesandarts.ch\\\/seminar-fall-2024-generative-ki-und-visuelle-kultur\\\/#breadcrumb\"},\"inLanguage\":\"de-CH\",\"potentialAction\":[{\"@type\":\"ReadAction\",\"target\":[\"https:\\\/\\\/digitalculturesandarts.ch\\\/seminar-fall-2024-generative-ki-und-visuelle-kultur\\\/\"]}]},{\"@type\":\"ImageObject\",\"inLanguage\":\"de-CH\",\"@id\":\"https:\\\/\\\/digitalculturesandarts.ch\\\/seminar-fall-2024-generative-ki-und-visuelle-kultur\\\/#primaryimage\",\"url\":\"https:\\\/\\\/digitalculturesandarts.ch\\\/wp-content\\\/uploads\\\/2025\\\/03\\\/duotone-14.png\",\"contentUrl\":\"https:\\\/\\\/digitalculturesandarts.ch\\\/wp-content\\\/uploads\\\/2025\\\/03\\\/duotone-14.png\",\"width\":1792,\"height\":1024},{\"@type\":\"BreadcrumbList\",\"@id\":\"https:\\\/\\\/digitalculturesandarts.ch\\\/seminar-fall-2024-generative-ki-und-visuelle-kultur\\\/#breadcrumb\",\"itemListElement\":[{\"@type\":\"ListItem\",\"position\":1,\"name\":\"Home\",\"item\":\"https:\\\/\\\/digitalculturesandarts.ch\\\/\"},{\"@type\":\"ListItem\",\"position\":2,\"name\":\"Seminar: Generative KI und Visuelle Kultur\"}]},{\"@type\":\"WebSite\",\"@id\":\"https:\\\/\\\/digitalculturesandarts.ch\\\/#website\",\"url\":\"https:\\\/\\\/digitalculturesandarts.ch\\\/\",\"name\":\"digital cultures and arts\",\"description\":\"Bridge Professorship between the University of Zurich and Zurich University of the Arts\",\"publisher\":{\"@id\":\"https:\\\/\\\/digitalculturesandarts.ch\\\/#organization\"},\"alternateName\":\"digitale kulturen und k\u00fcnste\",\"potentialAction\":[{\"@type\":\"SearchAction\",\"target\":{\"@type\":\"EntryPoint\",\"urlTemplate\":\"https:\\\/\\\/digitalculturesandarts.ch\\\/?s={search_term_string}\"},\"query-input\":{\"@type\":\"PropertyValueSpecification\",\"valueRequired\":true,\"valueName\":\"search_term_string\"}}],\"inLanguage\":\"de-CH\"},{\"@type\":\"Organization\",\"@id\":\"https:\\\/\\\/digitalculturesandarts.ch\\\/#organization\",\"name\":\"digital cultures and arts\",\"alternateName\":\"digitale kulturen und k\u00fcnste\",\"url\":\"https:\\\/\\\/digitalculturesandarts.ch\\\/\",\"logo\":{\"@type\":\"ImageObject\",\"inLanguage\":\"de-CH\",\"@id\":\"https:\\\/\\\/digitalculturesandarts.ch\\\/#\\\/schema\\\/logo\\\/image\\\/\",\"url\":\"https:\\\/\\\/digitalculturesandarts.ch\\\/wp-content\\\/uploads\\\/2025\\\/04\\\/cropped-col.png\",\"contentUrl\":\"https:\\\/\\\/digitalculturesandarts.ch\\\/wp-content\\\/uploads\\\/2025\\\/04\\\/cropped-col.png\",\"width\":512,\"height\":512,\"caption\":\"digital cultures and arts\"},\"image\":{\"@id\":\"https:\\\/\\\/digitalculturesandarts.ch\\\/#\\\/schema\\\/logo\\\/image\\\/\"},\"sameAs\":[\"https:\\\/\\\/www.instagram.com\\\/digitalculturesandarts\\\/\"]},{\"@type\":\"Person\",\"@id\":\"https:\\\/\\\/digitalculturesandarts.ch\\\/#\\\/schema\\\/person\\\/515b79435c60421a2c35ab4519a27a71\",\"name\":\"Lars Pinkwart\",\"image\":{\"@type\":\"ImageObject\",\"inLanguage\":\"de-CH\",\"@id\":\"https:\\\/\\\/secure.gravatar.com\\\/avatar\\\/cb990730af9ab797a3264d84000dc9acc3181bbff95f1d655fedd8211e19f493?s=96&d=mm&r=g\",\"url\":\"https:\\\/\\\/secure.gravatar.com\\\/avatar\\\/cb990730af9ab797a3264d84000dc9acc3181bbff95f1d655fedd8211e19f493?s=96&d=mm&r=g\",\"contentUrl\":\"https:\\\/\\\/secure.gravatar.com\\\/avatar\\\/cb990730af9ab797a3264d84000dc9acc3181bbff95f1d655fedd8211e19f493?s=96&d=mm&r=g\",\"caption\":\"Lars Pinkwart\"},\"url\":\"https:\\\/\\\/digitalculturesandarts.ch\\\/de\\\/author\\\/lars\\\/\"}]}<\/script>\n<!-- \/ Yoast SEO plugin. -->","yoast_head_json":{"title":"Seminar: Generative KI und Visuelle Kultur - digital cultures and arts","robots":{"index":"index","follow":"follow","max-snippet":"max-snippet:-1","max-image-preview":"max-image-preview:large","max-video-preview":"max-video-preview:-1"},"canonical":"https:\/\/digitalculturesandarts.ch\/de\/seminar-fall-2024-generative-ki-und-visuelle-kultur\/","og_locale":"de_DE","og_type":"article","og_title":"Seminar: Generative KI und Visuelle Kultur - digital cultures and arts","og_description":"AI-generated images have now become part of our everyday visual culture. They are shared millions of times a day on social networks and we encounter them on magazine covers, in galleries and on advertising posters. However, generative AI has been highly controversial from the outset. While some rave about unprecedented artistic possibilities, others warn of [&hellip;]","og_url":"https:\/\/digitalculturesandarts.ch\/de\/seminar-fall-2024-generative-ki-und-visuelle-kultur\/","og_site_name":"digital cultures and arts","article_published_time":"2024-09-14T13:33:09+00:00","article_modified_time":"2025-12-05T22:04:33+00:00","og_image":[{"width":1024,"height":585,"url":"https:\/\/digitalculturesandarts.ch\/wp-content\/uploads\/2025\/03\/duotone-14-1024x585.png","type":"image\/png"}],"author":"Lars Pinkwart","twitter_card":"summary_large_image","schema":{"@context":"https:\/\/schema.org","@graph":[{"@type":"Article","@id":"https:\/\/digitalculturesandarts.ch\/seminar-fall-2024-generative-ki-und-visuelle-kultur\/#article","isPartOf":{"@id":"https:\/\/digitalculturesandarts.ch\/seminar-fall-2024-generative-ki-und-visuelle-kultur\/"},"author":{"name":"Lars Pinkwart","@id":"https:\/\/digitalculturesandarts.ch\/#\/schema\/person\/515b79435c60421a2c35ab4519a27a71"},"headline":"Seminar: Generative KI und Visuelle Kultur","datePublished":"2024-09-14T13:33:09+00:00","dateModified":"2025-12-05T22:04:33+00:00","mainEntityOfPage":{"@id":"https:\/\/digitalculturesandarts.ch\/seminar-fall-2024-generative-ki-und-visuelle-kultur\/"},"wordCount":173,"commentCount":0,"publisher":{"@id":"https:\/\/digitalculturesandarts.ch\/#organization"},"image":{"@id":"https:\/\/digitalculturesandarts.ch\/seminar-fall-2024-generative-ki-und-visuelle-kultur\/#primaryimage"},"thumbnailUrl":"https:\/\/digitalculturesandarts.ch\/wp-content\/uploads\/2025\/03\/duotone-14.png","keywords":["generativeai"],"articleSection":["Teaching"],"inLanguage":"de-CH","potentialAction":[{"@type":"CommentAction","name":"Comment","target":["https:\/\/digitalculturesandarts.ch\/seminar-fall-2024-generative-ki-und-visuelle-kultur\/#respond"]}]},{"@type":"WebPage","@id":"https:\/\/digitalculturesandarts.ch\/seminar-fall-2024-generative-ki-und-visuelle-kultur\/","url":"https:\/\/digitalculturesandarts.ch\/seminar-fall-2024-generative-ki-und-visuelle-kultur\/","name":"Seminar: Generative KI und Visuelle Kultur - digital cultures and arts","isPartOf":{"@id":"https:\/\/digitalculturesandarts.ch\/#website"},"primaryImageOfPage":{"@id":"https:\/\/digitalculturesandarts.ch\/seminar-fall-2024-generative-ki-und-visuelle-kultur\/#primaryimage"},"image":{"@id":"https:\/\/digitalculturesandarts.ch\/seminar-fall-2024-generative-ki-und-visuelle-kultur\/#primaryimage"},"thumbnailUrl":"https:\/\/digitalculturesandarts.ch\/wp-content\/uploads\/2025\/03\/duotone-14.png","datePublished":"2024-09-14T13:33:09+00:00","dateModified":"2025-12-05T22:04:33+00:00","breadcrumb":{"@id":"https:\/\/digitalculturesandarts.ch\/seminar-fall-2024-generative-ki-und-visuelle-kultur\/#breadcrumb"},"inLanguage":"de-CH","potentialAction":[{"@type":"ReadAction","target":["https:\/\/digitalculturesandarts.ch\/seminar-fall-2024-generative-ki-und-visuelle-kultur\/"]}]},{"@type":"ImageObject","inLanguage":"de-CH","@id":"https:\/\/digitalculturesandarts.ch\/seminar-fall-2024-generative-ki-und-visuelle-kultur\/#primaryimage","url":"https:\/\/digitalculturesandarts.ch\/wp-content\/uploads\/2025\/03\/duotone-14.png","contentUrl":"https:\/\/digitalculturesandarts.ch\/wp-content\/uploads\/2025\/03\/duotone-14.png","width":1792,"height":1024},{"@type":"BreadcrumbList","@id":"https:\/\/digitalculturesandarts.ch\/seminar-fall-2024-generative-ki-und-visuelle-kultur\/#breadcrumb","itemListElement":[{"@type":"ListItem","position":1,"name":"Home","item":"https:\/\/digitalculturesandarts.ch\/"},{"@type":"ListItem","position":2,"name":"Seminar: Generative KI und Visuelle Kultur"}]},{"@type":"WebSite","@id":"https:\/\/digitalculturesandarts.ch\/#website","url":"https:\/\/digitalculturesandarts.ch\/","name":"digitale kulturen und k\u00fcnste","description":"Bridge Professorship between the University of Zurich and Zurich University of the Arts","publisher":{"@id":"https:\/\/digitalculturesandarts.ch\/#organization"},"alternateName":"digitale kulturen und k\u00fcnste","potentialAction":[{"@type":"SearchAction","target":{"@type":"EntryPoint","urlTemplate":"https:\/\/digitalculturesandarts.ch\/?s={search_term_string}"},"query-input":{"@type":"PropertyValueSpecification","valueRequired":true,"valueName":"search_term_string"}}],"inLanguage":"de-CH"},{"@type":"Organization","@id":"https:\/\/digitalculturesandarts.ch\/#organization","name":"digitale kulturen und k\u00fcnste","alternateName":"digitale kulturen und k\u00fcnste","url":"https:\/\/digitalculturesandarts.ch\/","logo":{"@type":"ImageObject","inLanguage":"de-CH","@id":"https:\/\/digitalculturesandarts.ch\/#\/schema\/logo\/image\/","url":"https:\/\/digitalculturesandarts.ch\/wp-content\/uploads\/2025\/04\/cropped-col.png","contentUrl":"https:\/\/digitalculturesandarts.ch\/wp-content\/uploads\/2025\/04\/cropped-col.png","width":512,"height":512,"caption":"digital cultures and arts"},"image":{"@id":"https:\/\/digitalculturesandarts.ch\/#\/schema\/logo\/image\/"},"sameAs":["https:\/\/www.instagram.com\/digitalculturesandarts\/"]},{"@type":"Person","@id":"https:\/\/digitalculturesandarts.ch\/#\/schema\/person\/515b79435c60421a2c35ab4519a27a71","name":"Lars Pinkwart","image":{"@type":"ImageObject","inLanguage":"de-CH","@id":"https:\/\/secure.gravatar.com\/avatar\/cb990730af9ab797a3264d84000dc9acc3181bbff95f1d655fedd8211e19f493?s=96&d=mm&r=g","url":"https:\/\/secure.gravatar.com\/avatar\/cb990730af9ab797a3264d84000dc9acc3181bbff95f1d655fedd8211e19f493?s=96&d=mm&r=g","contentUrl":"https:\/\/secure.gravatar.com\/avatar\/cb990730af9ab797a3264d84000dc9acc3181bbff95f1d655fedd8211e19f493?s=96&d=mm&r=g","caption":"Lars Pinkwart"},"url":"https:\/\/digitalculturesandarts.ch\/de\/author\/lars\/"}]}},"mfb_rest_fields":["title","yoast_head","yoast_head_json"],"_links":{"self":[{"href":"https:\/\/digitalculturesandarts.ch\/de\/wp-json\/wp\/v2\/posts\/1947","targetHints":{"allow":["GET"]}}],"collection":[{"href":"https:\/\/digitalculturesandarts.ch\/de\/wp-json\/wp\/v2\/posts"}],"about":[{"href":"https:\/\/digitalculturesandarts.ch\/de\/wp-json\/wp\/v2\/types\/post"}],"author":[{"embeddable":true,"href":"https:\/\/digitalculturesandarts.ch\/de\/wp-json\/wp\/v2\/users\/1"}],"replies":[{"embeddable":true,"href":"https:\/\/digitalculturesandarts.ch\/de\/wp-json\/wp\/v2\/comments?post=1947"}],"version-history":[{"count":4,"href":"https:\/\/digitalculturesandarts.ch\/de\/wp-json\/wp\/v2\/posts\/1947\/revisions"}],"predecessor-version":[{"id":5512,"href":"https:\/\/digitalculturesandarts.ch\/de\/wp-json\/wp\/v2\/posts\/1947\/revisions\/5512"}],"wp:featuredmedia":[{"embeddable":true,"href":"https:\/\/digitalculturesandarts.ch\/de\/wp-json\/wp\/v2\/media\/6512"}],"wp:attachment":[{"href":"https:\/\/digitalculturesandarts.ch\/de\/wp-json\/wp\/v2\/media?parent=1947"}],"wp:term":[{"taxonomy":"category","embeddable":true,"href":"https:\/\/digitalculturesandarts.ch\/de\/wp-json\/wp\/v2\/categories?post=1947"},{"taxonomy":"post_tag","embeddable":true,"href":"https:\/\/digitalculturesandarts.ch\/de\/wp-json\/wp\/v2\/tags?post=1947"}],"curies":[{"name":"wp","href":"https:\/\/api.w.org\/{rel}","templated":true}]}}