{"id":1933,"date":"2025-03-14T12:54:06","date_gmt":"2025-03-14T12:54:06","guid":{"rendered":"https:\/\/qiq.mjf.mybluehost.me\/?p=1933"},"modified":"2025-12-05T22:02:05","modified_gmt":"2025-12-05T22:02:05","slug":"forensic-aesthetics-in-a-post-truth-world","status":"publish","type":"post","link":"https:\/\/digitalculturesandarts.ch\/de\/forensic-aesthetics-in-a-post-truth-world\/","title":{"rendered":"Blockseminar: \u00abForensic Aesthetics in a \u2039Post-Truth World\u203a\u00bb\u00a0"},"content":{"rendered":"<p class=\"\">Wir leben in einem Zeitalter grassierender Verschw\u00f6rungstheorien, KI-Deepfakes und weit verbreiteter Online-Propaganda, einer sogenannten \u2039Post-Truth World\u203a, in der die Grenzen zwischen Information und Desinformation, Fakt und Fiktion immer schwieriger zu ziehen scheinen. Umso dringlicher scheint die Forderung nach Authentizit\u00e4t und verl\u00e4sslichen Fakten zu sein, nicht nur im Journalismus und in der Wissenschaft, sondern auch in der Kunst, die traditionell als Dom\u00e4ne der Fiktion und Fantasie gilt. In den letzten zwei Jahrzehnten sind Methoden zum Sammeln, Verifizieren, Dokumentieren und Untersuchen von Beweisen in der zeitgen\u00f6ssischen k\u00fcnstlerischen Praxis zu einem zentralen Thema geworden, was zu einem Boom einer \u00abforensischen \u00c4sthetik\u00bb gef\u00fchrt hat.<\/p>\n\n\n\n<p class=\"\">In diesem Seminar werden wir uns zentralen Aspekten der forensischen \u00c4sthetik n\u00e4hern, indem wir k\u00fcnstlerische Praktiken wie die von Forensic Architecture oder Trevor Paglen sowie aktuelle Formen von Online-Journalismus und Open-Source-Intelligence analysieren. Wie rekonstruieren diese visuellen Untersuchungen vergangene Ereignisse aus verstreuten Spuren und disparaten Daten, und welche Darstellungsmittel verwenden sie, um ihre Argumente zu belegen und ihr Publikum zu \u00fcberzeugen? Wie kann der Ausstellungsraum zu einem Ort werden, an dem forensische Beweise produziert und sichtbar gemacht werden? Was bedeutet es, wenn die Grenzen zwischen Kunst, Journalismus und Aktivismus verwischt werden? Und was passiert, wenn die \u00c4sthetik der Forensik missbraucht wird und pseudo-forensische Untersuchungen zu einer Waffe der Propaganda und Desinformation werden?<\/p>\n\n\n\n<p class=\"\"><\/p>\n\n\n\n<p class=\"\"><\/p>","protected":false},"excerpt":{"rendered":"<p>We live in an age of rampant conspiracy theories, AI deepfakes and widespread online propaganda, a so-called \u2039post-truth world\u203a in which the boundaries between information and disinformation, fact and fiction seem increasingly difficult to draw. All the more reason why the demand for authenticity and reliable facts has never seemed more urgent, not only in [&hellip;]<\/p>\n","protected":false},"author":1,"featured_media":6514,"comment_status":"closed","ping_status":"closed","sticky":false,"template":"","format":"standard","meta":{"nf_dc_page":"","_coblocks_attr":"","_coblocks_dimensions":"","_coblocks_responsive_height":"","_coblocks_accordion_ie_support":"","_FSMCFIC_featured_image_caption":"","_FSMCFIC_featured_image_nocaption":"","_FSMCFIC_featured_image_hide":"","footnotes":""},"categories":[12],"tags":[48],"class_list":["post-1933","post","type-post","status-publish","format-standard","has-post-thumbnail","hentry","category-teaching","tag-forensis"],"mb":[],"yoast_head":"<!-- This site is optimized with the Yoast SEO plugin v27.4 - https:\/\/yoast.com\/product\/yoast-seo-wordpress\/ -->\n<title>Block Seminar: \u00abForensic Aesthetics in a \u2039Post-Truth World\u203a\u00bb\u00a0 - digital cultures and arts<\/title>\n<meta name=\"robots\" content=\"index, follow, max-snippet:-1, max-image-preview:large, max-video-preview:-1\" \/>\n<link rel=\"canonical\" href=\"https:\/\/digitalculturesandarts.ch\/de\/forensic-aesthetics-in-a-post-truth-world\/\" \/>\n<meta property=\"og:locale\" content=\"de_DE\" \/>\n<meta property=\"og:type\" content=\"article\" \/>\n<meta property=\"og:title\" content=\"Block Seminar: \u00abForensic Aesthetics in a \u2039Post-Truth World\u203a\u00bb\u00a0 - digital cultures and arts\" \/>\n<meta property=\"og:description\" content=\"We live in an age of rampant conspiracy theories, AI deepfakes and widespread online propaganda, a so-called \u2039post-truth world\u203a in which the boundaries between information and disinformation, fact and fiction seem increasingly difficult to draw. All the more reason why the demand for authenticity and reliable facts has never seemed more urgent, not only in [&hellip;]\" \/>\n<meta property=\"og:url\" content=\"https:\/\/digitalculturesandarts.ch\/de\/forensic-aesthetics-in-a-post-truth-world\/\" \/>\n<meta property=\"og:site_name\" content=\"digital cultures and arts\" \/>\n<meta property=\"article:published_time\" content=\"2025-03-14T12:54:06+00:00\" \/>\n<meta property=\"article:modified_time\" content=\"2025-12-05T22:02:05+00:00\" \/>\n<meta property=\"og:image\" content=\"https:\/\/digitalculturesandarts.ch\/wp-content\/uploads\/2025\/03\/duotone-15.png\" \/>\n\t<meta property=\"og:image:width\" content=\"1920\" \/>\n\t<meta property=\"og:image:height\" content=\"1080\" \/>\n\t<meta property=\"og:image:type\" content=\"image\/png\" \/>\n<meta name=\"author\" content=\"Lars Pinkwart\" \/>\n<meta name=\"twitter:card\" content=\"summary_large_image\" \/>\n<script type=\"application\/ld+json\" class=\"yoast-schema-graph\">{\"@context\":\"https:\\\/\\\/schema.org\",\"@graph\":[{\"@type\":\"Article\",\"@id\":\"https:\\\/\\\/digitalculturesandarts.ch\\\/forensic-aesthetics-in-a-post-truth-world\\\/#article\",\"isPartOf\":{\"@id\":\"https:\\\/\\\/digitalculturesandarts.ch\\\/forensic-aesthetics-in-a-post-truth-world\\\/\"},\"author\":{\"name\":\"Lars Pinkwart\",\"@id\":\"https:\\\/\\\/digitalculturesandarts.ch\\\/#\\\/schema\\\/person\\\/515b79435c60421a2c35ab4519a27a71\"},\"headline\":\"Block Seminar: \u00abForensic Aesthetics in a \u2039Post-Truth World\u203a\u00bb\u00a0\",\"datePublished\":\"2025-03-14T12:54:06+00:00\",\"dateModified\":\"2025-12-05T22:02:05+00:00\",\"mainEntityOfPage\":{\"@id\":\"https:\\\/\\\/digitalculturesandarts.ch\\\/forensic-aesthetics-in-a-post-truth-world\\\/\"},\"wordCount\":229,\"publisher\":{\"@id\":\"https:\\\/\\\/digitalculturesandarts.ch\\\/#organization\"},\"image\":{\"@id\":\"https:\\\/\\\/digitalculturesandarts.ch\\\/forensic-aesthetics-in-a-post-truth-world\\\/#primaryimage\"},\"thumbnailUrl\":\"https:\\\/\\\/digitalculturesandarts.ch\\\/wp-content\\\/uploads\\\/2025\\\/03\\\/duotone-15.png\",\"keywords\":[\"forensis\"],\"articleSection\":[\"Teaching\"],\"inLanguage\":\"de-CH\"},{\"@type\":\"WebPage\",\"@id\":\"https:\\\/\\\/digitalculturesandarts.ch\\\/forensic-aesthetics-in-a-post-truth-world\\\/\",\"url\":\"https:\\\/\\\/digitalculturesandarts.ch\\\/forensic-aesthetics-in-a-post-truth-world\\\/\",\"name\":\"Block Seminar: \u00abForensic Aesthetics in a \u2039Post-Truth World\u203a\u00bb\u00a0 - digital cultures and arts\",\"isPartOf\":{\"@id\":\"https:\\\/\\\/digitalculturesandarts.ch\\\/#website\"},\"primaryImageOfPage\":{\"@id\":\"https:\\\/\\\/digitalculturesandarts.ch\\\/forensic-aesthetics-in-a-post-truth-world\\\/#primaryimage\"},\"image\":{\"@id\":\"https:\\\/\\\/digitalculturesandarts.ch\\\/forensic-aesthetics-in-a-post-truth-world\\\/#primaryimage\"},\"thumbnailUrl\":\"https:\\\/\\\/digitalculturesandarts.ch\\\/wp-content\\\/uploads\\\/2025\\\/03\\\/duotone-15.png\",\"datePublished\":\"2025-03-14T12:54:06+00:00\",\"dateModified\":\"2025-12-05T22:02:05+00:00\",\"breadcrumb\":{\"@id\":\"https:\\\/\\\/digitalculturesandarts.ch\\\/forensic-aesthetics-in-a-post-truth-world\\\/#breadcrumb\"},\"inLanguage\":\"de-CH\",\"potentialAction\":[{\"@type\":\"ReadAction\",\"target\":[\"https:\\\/\\\/digitalculturesandarts.ch\\\/forensic-aesthetics-in-a-post-truth-world\\\/\"]}]},{\"@type\":\"ImageObject\",\"inLanguage\":\"de-CH\",\"@id\":\"https:\\\/\\\/digitalculturesandarts.ch\\\/forensic-aesthetics-in-a-post-truth-world\\\/#primaryimage\",\"url\":\"https:\\\/\\\/digitalculturesandarts.ch\\\/wp-content\\\/uploads\\\/2025\\\/03\\\/duotone-15.png\",\"contentUrl\":\"https:\\\/\\\/digitalculturesandarts.ch\\\/wp-content\\\/uploads\\\/2025\\\/03\\\/duotone-15.png\",\"width\":1920,\"height\":1080},{\"@type\":\"BreadcrumbList\",\"@id\":\"https:\\\/\\\/digitalculturesandarts.ch\\\/forensic-aesthetics-in-a-post-truth-world\\\/#breadcrumb\",\"itemListElement\":[{\"@type\":\"ListItem\",\"position\":1,\"name\":\"Home\",\"item\":\"https:\\\/\\\/digitalculturesandarts.ch\\\/\"},{\"@type\":\"ListItem\",\"position\":2,\"name\":\"Block Seminar: \u00abForensic Aesthetics in a \u2039Post-Truth World\u203a\u00bb\u00a0\"}]},{\"@type\":\"WebSite\",\"@id\":\"https:\\\/\\\/digitalculturesandarts.ch\\\/#website\",\"url\":\"https:\\\/\\\/digitalculturesandarts.ch\\\/\",\"name\":\"digital cultures and arts\",\"description\":\"Bridge Professorship between the University of Zurich and Zurich University of the Arts\",\"publisher\":{\"@id\":\"https:\\\/\\\/digitalculturesandarts.ch\\\/#organization\"},\"alternateName\":\"digitale kulturen und k\u00fcnste\",\"potentialAction\":[{\"@type\":\"SearchAction\",\"target\":{\"@type\":\"EntryPoint\",\"urlTemplate\":\"https:\\\/\\\/digitalculturesandarts.ch\\\/?s={search_term_string}\"},\"query-input\":{\"@type\":\"PropertyValueSpecification\",\"valueRequired\":true,\"valueName\":\"search_term_string\"}}],\"inLanguage\":\"de-CH\"},{\"@type\":\"Organization\",\"@id\":\"https:\\\/\\\/digitalculturesandarts.ch\\\/#organization\",\"name\":\"digital cultures and arts\",\"alternateName\":\"digitale kulturen und k\u00fcnste\",\"url\":\"https:\\\/\\\/digitalculturesandarts.ch\\\/\",\"logo\":{\"@type\":\"ImageObject\",\"inLanguage\":\"de-CH\",\"@id\":\"https:\\\/\\\/digitalculturesandarts.ch\\\/#\\\/schema\\\/logo\\\/image\\\/\",\"url\":\"https:\\\/\\\/digitalculturesandarts.ch\\\/wp-content\\\/uploads\\\/2025\\\/04\\\/cropped-col.png\",\"contentUrl\":\"https:\\\/\\\/digitalculturesandarts.ch\\\/wp-content\\\/uploads\\\/2025\\\/04\\\/cropped-col.png\",\"width\":512,\"height\":512,\"caption\":\"digital cultures and arts\"},\"image\":{\"@id\":\"https:\\\/\\\/digitalculturesandarts.ch\\\/#\\\/schema\\\/logo\\\/image\\\/\"},\"sameAs\":[\"https:\\\/\\\/www.instagram.com\\\/digitalculturesandarts\\\/\"]},{\"@type\":\"Person\",\"@id\":\"https:\\\/\\\/digitalculturesandarts.ch\\\/#\\\/schema\\\/person\\\/515b79435c60421a2c35ab4519a27a71\",\"name\":\"Lars Pinkwart\",\"image\":{\"@type\":\"ImageObject\",\"inLanguage\":\"de-CH\",\"@id\":\"https:\\\/\\\/secure.gravatar.com\\\/avatar\\\/cb990730af9ab797a3264d84000dc9acc3181bbff95f1d655fedd8211e19f493?s=96&d=mm&r=g\",\"url\":\"https:\\\/\\\/secure.gravatar.com\\\/avatar\\\/cb990730af9ab797a3264d84000dc9acc3181bbff95f1d655fedd8211e19f493?s=96&d=mm&r=g\",\"contentUrl\":\"https:\\\/\\\/secure.gravatar.com\\\/avatar\\\/cb990730af9ab797a3264d84000dc9acc3181bbff95f1d655fedd8211e19f493?s=96&d=mm&r=g\",\"caption\":\"Lars Pinkwart\"},\"url\":\"https:\\\/\\\/digitalculturesandarts.ch\\\/de\\\/author\\\/lars\\\/\"}]}<\/script>\n<!-- \/ Yoast SEO plugin. -->","yoast_head_json":{"title":"Block Seminar: \u00abForensic Aesthetics in a \u2039Post-Truth World\u203a\u00bb\u00a0 - digital cultures and arts","robots":{"index":"index","follow":"follow","max-snippet":"max-snippet:-1","max-image-preview":"max-image-preview:large","max-video-preview":"max-video-preview:-1"},"canonical":"https:\/\/digitalculturesandarts.ch\/de\/forensic-aesthetics-in-a-post-truth-world\/","og_locale":"de_DE","og_type":"article","og_title":"Block Seminar: \u00abForensic Aesthetics in a \u2039Post-Truth World\u203a\u00bb\u00a0 - digital cultures and arts","og_description":"We live in an age of rampant conspiracy theories, AI deepfakes and widespread online propaganda, a so-called \u2039post-truth world\u203a in which the boundaries between information and disinformation, fact and fiction seem increasingly difficult to draw. All the more reason why the demand for authenticity and reliable facts has never seemed more urgent, not only in [&hellip;]","og_url":"https:\/\/digitalculturesandarts.ch\/de\/forensic-aesthetics-in-a-post-truth-world\/","og_site_name":"digital cultures and arts","article_published_time":"2025-03-14T12:54:06+00:00","article_modified_time":"2025-12-05T22:02:05+00:00","og_image":[{"width":1920,"height":1080,"url":"https:\/\/digitalculturesandarts.ch\/wp-content\/uploads\/2025\/03\/duotone-15.png","type":"image\/png"}],"author":"Lars Pinkwart","twitter_card":"summary_large_image","schema":{"@context":"https:\/\/schema.org","@graph":[{"@type":"Article","@id":"https:\/\/digitalculturesandarts.ch\/forensic-aesthetics-in-a-post-truth-world\/#article","isPartOf":{"@id":"https:\/\/digitalculturesandarts.ch\/forensic-aesthetics-in-a-post-truth-world\/"},"author":{"name":"Lars Pinkwart","@id":"https:\/\/digitalculturesandarts.ch\/#\/schema\/person\/515b79435c60421a2c35ab4519a27a71"},"headline":"Block Seminar: \u00abForensic Aesthetics in a \u2039Post-Truth World\u203a\u00bb\u00a0","datePublished":"2025-03-14T12:54:06+00:00","dateModified":"2025-12-05T22:02:05+00:00","mainEntityOfPage":{"@id":"https:\/\/digitalculturesandarts.ch\/forensic-aesthetics-in-a-post-truth-world\/"},"wordCount":229,"publisher":{"@id":"https:\/\/digitalculturesandarts.ch\/#organization"},"image":{"@id":"https:\/\/digitalculturesandarts.ch\/forensic-aesthetics-in-a-post-truth-world\/#primaryimage"},"thumbnailUrl":"https:\/\/digitalculturesandarts.ch\/wp-content\/uploads\/2025\/03\/duotone-15.png","keywords":["forensis"],"articleSection":["Teaching"],"inLanguage":"de-CH"},{"@type":"WebPage","@id":"https:\/\/digitalculturesandarts.ch\/forensic-aesthetics-in-a-post-truth-world\/","url":"https:\/\/digitalculturesandarts.ch\/forensic-aesthetics-in-a-post-truth-world\/","name":"Block Seminar: \u00abForensic Aesthetics in a \u2039Post-Truth World\u203a\u00bb\u00a0 - digital cultures and arts","isPartOf":{"@id":"https:\/\/digitalculturesandarts.ch\/#website"},"primaryImageOfPage":{"@id":"https:\/\/digitalculturesandarts.ch\/forensic-aesthetics-in-a-post-truth-world\/#primaryimage"},"image":{"@id":"https:\/\/digitalculturesandarts.ch\/forensic-aesthetics-in-a-post-truth-world\/#primaryimage"},"thumbnailUrl":"https:\/\/digitalculturesandarts.ch\/wp-content\/uploads\/2025\/03\/duotone-15.png","datePublished":"2025-03-14T12:54:06+00:00","dateModified":"2025-12-05T22:02:05+00:00","breadcrumb":{"@id":"https:\/\/digitalculturesandarts.ch\/forensic-aesthetics-in-a-post-truth-world\/#breadcrumb"},"inLanguage":"de-CH","potentialAction":[{"@type":"ReadAction","target":["https:\/\/digitalculturesandarts.ch\/forensic-aesthetics-in-a-post-truth-world\/"]}]},{"@type":"ImageObject","inLanguage":"de-CH","@id":"https:\/\/digitalculturesandarts.ch\/forensic-aesthetics-in-a-post-truth-world\/#primaryimage","url":"https:\/\/digitalculturesandarts.ch\/wp-content\/uploads\/2025\/03\/duotone-15.png","contentUrl":"https:\/\/digitalculturesandarts.ch\/wp-content\/uploads\/2025\/03\/duotone-15.png","width":1920,"height":1080},{"@type":"BreadcrumbList","@id":"https:\/\/digitalculturesandarts.ch\/forensic-aesthetics-in-a-post-truth-world\/#breadcrumb","itemListElement":[{"@type":"ListItem","position":1,"name":"Home","item":"https:\/\/digitalculturesandarts.ch\/"},{"@type":"ListItem","position":2,"name":"Block Seminar: \u00abForensic Aesthetics in a \u2039Post-Truth World\u203a\u00bb\u00a0"}]},{"@type":"WebSite","@id":"https:\/\/digitalculturesandarts.ch\/#website","url":"https:\/\/digitalculturesandarts.ch\/","name":"digitale kulturen und k\u00fcnste","description":"Bridge Professorship between the University of Zurich and Zurich University of the Arts","publisher":{"@id":"https:\/\/digitalculturesandarts.ch\/#organization"},"alternateName":"digitale kulturen und k\u00fcnste","potentialAction":[{"@type":"SearchAction","target":{"@type":"EntryPoint","urlTemplate":"https:\/\/digitalculturesandarts.ch\/?s={search_term_string}"},"query-input":{"@type":"PropertyValueSpecification","valueRequired":true,"valueName":"search_term_string"}}],"inLanguage":"de-CH"},{"@type":"Organization","@id":"https:\/\/digitalculturesandarts.ch\/#organization","name":"digitale kulturen und k\u00fcnste","alternateName":"digitale kulturen und k\u00fcnste","url":"https:\/\/digitalculturesandarts.ch\/","logo":{"@type":"ImageObject","inLanguage":"de-CH","@id":"https:\/\/digitalculturesandarts.ch\/#\/schema\/logo\/image\/","url":"https:\/\/digitalculturesandarts.ch\/wp-content\/uploads\/2025\/04\/cropped-col.png","contentUrl":"https:\/\/digitalculturesandarts.ch\/wp-content\/uploads\/2025\/04\/cropped-col.png","width":512,"height":512,"caption":"digital cultures and arts"},"image":{"@id":"https:\/\/digitalculturesandarts.ch\/#\/schema\/logo\/image\/"},"sameAs":["https:\/\/www.instagram.com\/digitalculturesandarts\/"]},{"@type":"Person","@id":"https:\/\/digitalculturesandarts.ch\/#\/schema\/person\/515b79435c60421a2c35ab4519a27a71","name":"Lars Pinkwart","image":{"@type":"ImageObject","inLanguage":"de-CH","@id":"https:\/\/secure.gravatar.com\/avatar\/cb990730af9ab797a3264d84000dc9acc3181bbff95f1d655fedd8211e19f493?s=96&d=mm&r=g","url":"https:\/\/secure.gravatar.com\/avatar\/cb990730af9ab797a3264d84000dc9acc3181bbff95f1d655fedd8211e19f493?s=96&d=mm&r=g","contentUrl":"https:\/\/secure.gravatar.com\/avatar\/cb990730af9ab797a3264d84000dc9acc3181bbff95f1d655fedd8211e19f493?s=96&d=mm&r=g","caption":"Lars Pinkwart"},"url":"https:\/\/digitalculturesandarts.ch\/de\/author\/lars\/"}]}},"mfb_rest_fields":["title","yoast_head","yoast_head_json"],"_links":{"self":[{"href":"https:\/\/digitalculturesandarts.ch\/de\/wp-json\/wp\/v2\/posts\/1933","targetHints":{"allow":["GET"]}}],"collection":[{"href":"https:\/\/digitalculturesandarts.ch\/de\/wp-json\/wp\/v2\/posts"}],"about":[{"href":"https:\/\/digitalculturesandarts.ch\/de\/wp-json\/wp\/v2\/types\/post"}],"author":[{"embeddable":true,"href":"https:\/\/digitalculturesandarts.ch\/de\/wp-json\/wp\/v2\/users\/1"}],"replies":[{"embeddable":true,"href":"https:\/\/digitalculturesandarts.ch\/de\/wp-json\/wp\/v2\/comments?post=1933"}],"version-history":[{"count":6,"href":"https:\/\/digitalculturesandarts.ch\/de\/wp-json\/wp\/v2\/posts\/1933\/revisions"}],"predecessor-version":[{"id":6434,"href":"https:\/\/digitalculturesandarts.ch\/de\/wp-json\/wp\/v2\/posts\/1933\/revisions\/6434"}],"wp:featuredmedia":[{"embeddable":true,"href":"https:\/\/digitalculturesandarts.ch\/de\/wp-json\/wp\/v2\/media\/6514"}],"wp:attachment":[{"href":"https:\/\/digitalculturesandarts.ch\/de\/wp-json\/wp\/v2\/media?parent=1933"}],"wp:term":[{"taxonomy":"category","embeddable":true,"href":"https:\/\/digitalculturesandarts.ch\/de\/wp-json\/wp\/v2\/categories?post=1933"},{"taxonomy":"post_tag","embeddable":true,"href":"https:\/\/digitalculturesandarts.ch\/de\/wp-json\/wp\/v2\/tags?post=1933"}],"curies":[{"name":"wp","href":"https:\/\/api.w.org\/{rel}","templated":true}]}}